{"id":36244,"date":"2022-07-26T20:18:47","date_gmt":"2022-07-26T20:18:47","guid":{"rendered":"http:\/\/vocesver.com\/noticias\/?p=36244"},"modified":"2022-07-26T20:21:06","modified_gmt":"2022-07-26T20:21:06","slug":"chico-samba-festejo-un-ano-mas-de-vida-en-el-gran-cafe-del-del-portal-de-veracruz","status":"publish","type":"post","link":"http:\/\/vocesver.com\/noticias\/chico-samba-festejo-un-ano-mas-de-vida-en-el-gran-cafe-del-del-portal-de-veracruz\/","title":{"rendered":"\u201cCHICO SAMBA \u201cFESTEJ\u00d3 UN A\u00d1O M\u00c1S DE VIDA EN  EL GRAN CAF\u00c9 DEL DEL PORTAL DE VERACRUZ"},"content":{"rendered":"\n<p><br>\u00b0El ex rey del carnaval estuvo rodeado de amigos, los meseros de este caf\u00e9 le cantaron las tradicionales ma\u00f1anitas.<br>REDACCI\u00d3N\/VOCESVER.COM\/NOTICIAS<br><br>Veracruz,Ver.- a 26 de Julio 2022.- Este martes Erasto Garc\u00eda ex rey del Carnaval de Veracruz mejor conocido como \u201cChico Samba\u201d festej\u00f3 un aniversario m\u00e1s de vida. La celebraci\u00f3n se realiz\u00f3 en el tradicional Gran Caf\u00e9 del Portal de la Ciudad de Veracruz.El cumplia\u00f1ero estuvo rodeado de amigos quienes  le cantar\u00f3n las tradicionales ma\u00f1anitas y recibi\u00f3 infinidad de felicitaciones y muestras de cari\u00f1o. Foto Ausencio RIVERA.<br><br><br><br><br><br><br><br><br><br><br><br><br><br><br><br><br><br><br><br><br><br><br><br><br><br><br><br><br><br><br><br><br><br><br><br><br><br><br><br><br><br><br><br><\/p>\n","protected":false},"excerpt":{"rendered":"<p>\u00b0El ex rey del carnaval estuvo rodeado de amigos, los meseros de este caf\u00e9 le cantaron las tradicionales ma\u00f1anitas.REDACCI\u00d3N\/VOCESVER.COM\/NOTICIAS Veracruz,Ver.-<\/p>\n","protected":false},"author":2,"featured_media":36250,"comment_status":"open","ping_status":"open","sticky":false,"template":"","format":"standard","meta":{"colormag_page_container_layout":"default_layout","colormag_page_sidebar_layout":"default_layout","footnotes":""},"categories":[2],"tags":[],"class_list":["post-36244","post","type-post","status-publish","format-standard","has-post-thumbnail","hentry","category-infogral"],"_links":{"self":[{"href":"http:\/\/vocesver.com\/noticias\/wp-json\/wp\/v2\/posts\/36244","targetHints":{"allow":["GET"]}}],"collection":[{"href":"http:\/\/vocesver.com\/noticias\/wp-json\/wp\/v2\/posts"}],"about":[{"href":"http:\/\/vocesver.com\/noticias\/wp-json\/wp\/v2\/types\/post"}],"author":[{"embeddable":true,"href":"http:\/\/vocesver.com\/noticias\/wp-json\/wp\/v2\/users\/2"}],"replies":[{"embeddable":true,"href":"http:\/\/vocesver.com\/noticias\/wp-json\/wp\/v2\/comments?post=36244"}],"version-history":[{"count":2,"href":"http:\/\/vocesver.com\/noticias\/wp-json\/wp\/v2\/posts\/36244\/revisions"}],"predecessor-version":[{"id":36249,"href":"http:\/\/vocesver.com\/noticias\/wp-json\/wp\/v2\/posts\/36244\/revisions\/36249"}],"wp:featuredmedia":[{"embeddable":true,"href":"http:\/\/vocesver.com\/noticias\/wp-json\/wp\/v2\/media\/36250"}],"wp:attachment":[{"href":"http:\/\/vocesver.com\/noticias\/wp-json\/wp\/v2\/media?parent=36244"}],"wp:term":[{"taxonomy":"category","embeddable":true,"href":"http:\/\/vocesver.com\/noticias\/wp-json\/wp\/v2\/categories?post=36244"},{"taxonomy":"post_tag","embeddable":true,"href":"http:\/\/vocesver.com\/noticias\/wp-json\/wp\/v2\/tags?post=36244"}],"curies":[{"name":"wp","href":"https:\/\/api.w.org\/{rel}","templated":true}]}}