{"id":36240,"date":"2022-07-25T22:37:03","date_gmt":"2022-07-25T22:37:03","guid":{"rendered":"http:\/\/vocesver.com\/noticias\/?p=36240"},"modified":"2022-07-25T22:37:04","modified_gmt":"2022-07-25T22:37:04","slug":"concluyo-la-campana-de-canje-de-armas-que-se-realizo-en-este-puerto","status":"publish","type":"post","link":"http:\/\/vocesver.com\/noticias\/concluyo-la-campana-de-canje-de-armas-que-se-realizo-en-este-puerto\/","title":{"rendered":"CONCLUY\u00d3 LA CAMPA\u00d1A DE CANJE DE  ARMAS QUE SE REALIZ\u00d3 EN ESTE PUERTO."},"content":{"rendered":"\n<p><br><br>REDACCI\u00d3N\/VOCESVER.COM\/NOTICIAS<br><br><br>PIE DE FOTO,. A 25 DE JULIO 2022.- Este lunes concluy\u00f3 la campa\u00f1a de canje de armas 2022 que la Sedena realiz\u00f3 en coordinaci\u00f3n con el Gobierno del Estado. El m\u00f3dulo estuvo instalado por varios d\u00edas en los bajos del Ayuntamiento de Veracruz donde la gente particip\u00f3 de manera activa con este programa. Foto Ausencio RIVERA.<br><br><br><br><br><br><br><br><br><br><br><br><br><br><br><br><br><br><br><br><br><br><br><br><br><br><br><br><br><br><br><br><br><br><br><br><br><br><br><\/p>\n","protected":false},"excerpt":{"rendered":"<p>REDACCI\u00d3N\/VOCESVER.COM\/NOTICIAS PIE DE FOTO,. A 25 DE JULIO 2022.- Este lunes concluy\u00f3 la campa\u00f1a de canje de armas 2022 que<\/p>\n","protected":false},"author":2,"featured_media":36245,"comment_status":"open","ping_status":"open","sticky":false,"template":"","format":"standard","meta":{"colormag_page_container_layout":"default_layout","colormag_page_sidebar_layout":"default_layout","footnotes":""},"categories":[2],"tags":[],"class_list":["post-36240","post","type-post","status-publish","format-standard","has-post-thumbnail","hentry","category-infogral"],"_links":{"self":[{"href":"http:\/\/vocesver.com\/noticias\/wp-json\/wp\/v2\/posts\/36240","targetHints":{"allow":["GET"]}}],"collection":[{"href":"http:\/\/vocesver.com\/noticias\/wp-json\/wp\/v2\/posts"}],"about":[{"href":"http:\/\/vocesver.com\/noticias\/wp-json\/wp\/v2\/types\/post"}],"author":[{"embeddable":true,"href":"http:\/\/vocesver.com\/noticias\/wp-json\/wp\/v2\/users\/2"}],"replies":[{"embeddable":true,"href":"http:\/\/vocesver.com\/noticias\/wp-json\/wp\/v2\/comments?post=36240"}],"version-history":[{"count":2,"href":"http:\/\/vocesver.com\/noticias\/wp-json\/wp\/v2\/posts\/36240\/revisions"}],"predecessor-version":[{"id":36246,"href":"http:\/\/vocesver.com\/noticias\/wp-json\/wp\/v2\/posts\/36240\/revisions\/36246"}],"wp:featuredmedia":[{"embeddable":true,"href":"http:\/\/vocesver.com\/noticias\/wp-json\/wp\/v2\/media\/36245"}],"wp:attachment":[{"href":"http:\/\/vocesver.com\/noticias\/wp-json\/wp\/v2\/media?parent=36240"}],"wp:term":[{"taxonomy":"category","embeddable":true,"href":"http:\/\/vocesver.com\/noticias\/wp-json\/wp\/v2\/categories?post=36240"},{"taxonomy":"post_tag","embeddable":true,"href":"http:\/\/vocesver.com\/noticias\/wp-json\/wp\/v2\/tags?post=36240"}],"curies":[{"name":"wp","href":"https:\/\/api.w.org\/{rel}","templated":true}]}}