{"id":36233,"date":"2022-07-25T22:24:15","date_gmt":"2022-07-25T22:24:15","guid":{"rendered":"http:\/\/vocesver.com\/noticias\/?p=36233"},"modified":"2022-07-25T22:25:44","modified_gmt":"2022-07-25T22:25:44","slug":"inaugura-alcalde-jm-unanue-la-exposicion-fotografica-boca-en-buenas-manos","status":"publish","type":"post","link":"http:\/\/vocesver.com\/noticias\/inaugura-alcalde-jm-unanue-la-exposicion-fotografica-boca-en-buenas-manos\/","title":{"rendered":"Inaugura Alcalde JM Un\u00e1nue la exposici\u00f3n fotogr\u00e1fica \u201cBoca en buenas manos\u201d*"},"content":{"rendered":"\n<p><br><br><br>\u00b0Reconoci\u00f3 el talento de los fot\u00f3grafos participantes: Hugo Garrido, Gwen Goopar y Juan Balam_<br><br>REDACCI\u00d3N\/VOCESVER.COM\/NOTICIAS<br><br>BOCA DEL R\u00cdO..- Presentando los magn\u00edficos contrastes que presenta Boca del R\u00edo, su belleza, tradici\u00f3ny modernidad, se inaugur\u00f3 la exposici\u00f3n fotogr\u00e1fica \u201cBoca en buenas manos\u201d, siendo la primera actividad de las Fiestas de Santa Ana 2022.<br><br>El Presidente Municipal, Juan Manuel Un\u00e1nue Abascal, estuvo acompa\u00f1ado por la \u201cDoncella del Mar\u201d, Pamela Reynolds Vera, as\u00ed como por los artistas de la lente Hugo Garrido Montiel, Gwen Goopar y Balam G\u00f3mez.<br><br>\u201cIniciamos con una muestra muy profesional de postales, de nuestra gastronom\u00eda, de nuestra infraestructura, de nuestra ciudad y de nuestra gente sobre todo\u201d, presentando un trabajo fotogr\u00e1fico que regala momentos que se eternizan y que son irrepetibles, destac\u00f3 el Alcalde boque\u00f1o.<br><br>La exhibici\u00f3n estar\u00e1 presente a partir de este lunes, hasta el domingo 31 de julio, en las instalaciones del Teatro Fernando Guti\u00e9rrez Barrios, ubicado en la cabecera municipal.<br><br>\u201cYo les quiero agradecer porque a trav\u00e9s de su trabajo y talento, nos vamos a poder deleitar de lo que significa Boca del R\u00edo, lo mejor de Veracruz\u201d.<br><br>Destac\u00f3 el edil, que desde hace dos a\u00f1os la fiesta de Santa Ana, permanec\u00eda en pausa, y que ahora, con su reactivaci\u00f3n, las boque\u00f1as y boque\u00f1os se encuentran muy contentos, \u201cpues ya se extra\u00f1aba\u201d.<br><br>Adem\u00e1s de regidores y funcionarios municipales, estuvieron presentes la Princesa Primera; Itzel Enr\u00edquez Zamudio, Darla Kenisha Calvillo Pardi\u00f1o; Princesa Segunda, as\u00ed como el Trit\u00f3n; Johan Enr\u00edquez.<br><br>Por otra parte, Un\u00e1nue Abascal, indic\u00f3 que, para las siguientes actividades, como, por ejemplo, los conciertos masivos, se esperan una afluencia de ocho a diez mil personas.<br><br>\u201cEn la noche tenemos actividad religiosa, la procesi\u00f3n y las ma\u00f1anitas de nuestra Se\u00f1ora de Santa Ana, el d\u00eda de ma\u00f1ana (martes) la misa de los abuelos, posteriormente eventos deportivos y el jueves iniciamos con los conciertos por la noche\u201d.<br><br>La autoridad municipal record\u00f3 que todos los eventos son totalmente gratuitos para el deleite y diversi\u00f3n de todos los asistentes, se\u00f1alando que se tiene muy buena expectativa, esper\u00e1ndose visitantes locales, de otros municipios, as\u00ed como de otras latitudes de M\u00e9xico.<br>\u201cLa idea es retomar estas fiestas con calma y paz, adem\u00e1s de seguridad, estamos muy bien coordinados con la Secretar\u00eda de Seguridad P\u00fablica Estatal, as\u00ed como con la Polic\u00eda Naval, adem\u00e1s de contar con la Polic\u00eda Municipal, Tr\u00e1nsito Municipal, as\u00ed como con la Direcci\u00f3n de Protecci\u00f3n Civil Municipal\u201d.<br><br>Recuerda que puedes consultar todas las actividades recreativas, deportivas y culturales que el gobierno municipal de Boca del R\u00edo tiene para ti visitando la p\u00e1gina www.fiesta-santa-ana.mx<br><br><br><br><br><br><br><br><br><br><br><br><br><br><br><br><br><br><br><br><br><br><br><br><br><br><br><br><br><br><br><br><br><br><br><br><br><br><br><br><br><br><br><br><br><br><br><\/p>\n","protected":false},"excerpt":{"rendered":"<p>\u00b0Reconoci\u00f3 el talento de los fot\u00f3grafos participantes: Hugo Garrido, Gwen Goopar y Juan Balam_ REDACCI\u00d3N\/VOCESVER.COM\/NOTICIAS BOCA DEL R\u00cdO..- Presentando los<\/p>\n","protected":false},"author":2,"featured_media":36242,"comment_status":"open","ping_status":"open","sticky":false,"template":"","format":"standard","meta":{"colormag_page_container_layout":"default_layout","colormag_page_sidebar_layout":"default_layout","footnotes":""},"categories":[2],"tags":[],"class_list":["post-36233","post","type-post","status-publish","format-standard","has-post-thumbnail","hentry","category-infogral"],"_links":{"self":[{"href":"http:\/\/vocesver.com\/noticias\/wp-json\/wp\/v2\/posts\/36233","targetHints":{"allow":["GET"]}}],"collection":[{"href":"http:\/\/vocesver.com\/noticias\/wp-json\/wp\/v2\/posts"}],"about":[{"href":"http:\/\/vocesver.com\/noticias\/wp-json\/wp\/v2\/types\/post"}],"author":[{"embeddable":true,"href":"http:\/\/vocesver.com\/noticias\/wp-json\/wp\/v2\/users\/2"}],"replies":[{"embeddable":true,"href":"http:\/\/vocesver.com\/noticias\/wp-json\/wp\/v2\/comments?post=36233"}],"version-history":[{"count":2,"href":"http:\/\/vocesver.com\/noticias\/wp-json\/wp\/v2\/posts\/36233\/revisions"}],"predecessor-version":[{"id":36241,"href":"http:\/\/vocesver.com\/noticias\/wp-json\/wp\/v2\/posts\/36233\/revisions\/36241"}],"wp:featuredmedia":[{"embeddable":true,"href":"http:\/\/vocesver.com\/noticias\/wp-json\/wp\/v2\/media\/36242"}],"wp:attachment":[{"href":"http:\/\/vocesver.com\/noticias\/wp-json\/wp\/v2\/media?parent=36233"}],"wp:term":[{"taxonomy":"category","embeddable":true,"href":"http:\/\/vocesver.com\/noticias\/wp-json\/wp\/v2\/categories?post=36233"},{"taxonomy":"post_tag","embeddable":true,"href":"http:\/\/vocesver.com\/noticias\/wp-json\/wp\/v2\/tags?post=36233"}],"curies":[{"name":"wp","href":"https:\/\/api.w.org\/{rel}","templated":true}]}}