{"id":36228,"date":"2022-07-25T21:53:26","date_gmt":"2022-07-25T21:53:26","guid":{"rendered":"http:\/\/vocesver.com\/noticias\/?p=36228"},"modified":"2022-07-25T22:02:02","modified_gmt":"2022-07-25T22:02:02","slug":"un-exito-la-campana-de-canje-de-armas-que-se-realizo-en-veracruzsuastegui-duran","status":"publish","type":"post","link":"http:\/\/vocesver.com\/noticias\/un-exito-la-campana-de-canje-de-armas-que-se-realizo-en-veracruzsuastegui-duran\/","title":{"rendered":"UN \u00c9XITO LA CAMPA\u00d1A DE CANJE DE ARMAS  QUE SE REALIZ\u00d3 EN VERACRUZ:SUASTEGUI DUR\u00c1N"},"content":{"rendered":"\n<p>\u00b0Acudieron 31 personas y se entregar\u00f3n m\u00e1s de 40 armas de diferentes denominaciones,cargadores y cartuchos.<br>\u00b0Se pag\u00f3 de 3 pesos que vale un cartucho hasta 15 mil pesos un arma en buenas condiciones.<br>AUSENCIO RIVERA\/VOCESVER.COM\/NOTICIAS<br>Veracruz,Ver.- a 25 de Julio 2022.-Importante aceptaci\u00f3n tuvo la campa\u00f1a de canje de armas que la Sedena realiz\u00f3 del 11 al 25 de Julio en los Bajos del Palacio Municipal inform\u00f3 el Teniente Coronel de Infanter\u00eda Manuel Suastegui Dur\u00e1n.<br>Entrevistado tras concluir esta campa\u00f1a explici\u00f3 que acudieron al m\u00f3dulo de cange de armas 31 personas y se entregar\u00f3n m\u00e1s de 40 armas de diferentes denominaciones,as\u00ed como cargadores y cartuchos de distintos calibres.<br>Indic\u00f3 que se pag\u00f3 un total de  230 mil pesos a las personas que acudieron a entregar las armas, recursos que fueron aportados por el Gobierno del Estado a trav\u00e9s de la Secretar\u00eda de Seguridad P\u00fablica.<br>Se\u00f1al\u00f3 que esta campa\u00f1a de canje de armas la efectu\u00f3 el Ej\u00e9rcito Mexicano  en coordinaci\u00f3n con el Gobierno del Estado de Veracruz.<br>Se trat\u00f3 de la primera campa\u00f1a del a\u00f1o tras dos a\u00f1os de permanecer est\u00e1ticos consecuencia de la pandemia del covid-19.<br>El entrevistado confi\u00f3 en que esta campa\u00f1a se seguir\u00e1 realizando en otros municipios de la entidad \u201cpara que la gente se deshaga del material b\u00e9lico que estando en manos de personas que no las sabe usar puede ocasionar mucho peligro.\u201d<br>Dijo que se pag\u00f3 desde 3 pesos que cuesta un cartucho hasta 15 mil pesos un arma que est\u00e9 en buenas condiciones.<br>Agradeci\u00f3 la participaci\u00f3n activa de la ciudadan\u00eda veracruzana en este tipo de programas.<br>Los pr\u00f3ximos municipios donde llegue esta campa\u00f1a los designar\u00e1 el Gobierno del Estado a trav\u00e9s de la SSP dijo.<br><br><br><br><br><br><br><br><br><br><br><br><br><br><br><br><br><br><br><br><br><br><br><br><br><br><br><br><br><br><br><br><br><br><br><br><br><br><br><br><br><br><br><br><br><br><br><br><\/p>\n","protected":false},"excerpt":{"rendered":"<p>\u00b0Acudieron 31 personas y se entregar\u00f3n m\u00e1s de 40 armas de diferentes denominaciones,cargadores y cartuchos.\u00b0Se pag\u00f3 de 3 pesos que<\/p>\n","protected":false},"author":2,"featured_media":36236,"comment_status":"open","ping_status":"open","sticky":false,"template":"","format":"standard","meta":{"colormag_page_container_layout":"default_layout","colormag_page_sidebar_layout":"default_layout","footnotes":""},"categories":[2],"tags":[],"class_list":["post-36228","post","type-post","status-publish","format-standard","has-post-thumbnail","hentry","category-infogral"],"_links":{"self":[{"href":"http:\/\/vocesver.com\/noticias\/wp-json\/wp\/v2\/posts\/36228","targetHints":{"allow":["GET"]}}],"collection":[{"href":"http:\/\/vocesver.com\/noticias\/wp-json\/wp\/v2\/posts"}],"about":[{"href":"http:\/\/vocesver.com\/noticias\/wp-json\/wp\/v2\/types\/post"}],"author":[{"embeddable":true,"href":"http:\/\/vocesver.com\/noticias\/wp-json\/wp\/v2\/users\/2"}],"replies":[{"embeddable":true,"href":"http:\/\/vocesver.com\/noticias\/wp-json\/wp\/v2\/comments?post=36228"}],"version-history":[{"count":3,"href":"http:\/\/vocesver.com\/noticias\/wp-json\/wp\/v2\/posts\/36228\/revisions"}],"predecessor-version":[{"id":36238,"href":"http:\/\/vocesver.com\/noticias\/wp-json\/wp\/v2\/posts\/36228\/revisions\/36238"}],"wp:featuredmedia":[{"embeddable":true,"href":"http:\/\/vocesver.com\/noticias\/wp-json\/wp\/v2\/media\/36236"}],"wp:attachment":[{"href":"http:\/\/vocesver.com\/noticias\/wp-json\/wp\/v2\/media?parent=36228"}],"wp:term":[{"taxonomy":"category","embeddable":true,"href":"http:\/\/vocesver.com\/noticias\/wp-json\/wp\/v2\/categories?post=36228"},{"taxonomy":"post_tag","embeddable":true,"href":"http:\/\/vocesver.com\/noticias\/wp-json\/wp\/v2\/tags?post=36228"}],"curies":[{"name":"wp","href":"https:\/\/api.w.org\/{rel}","templated":true}]}}