{"id":36213,"date":"2022-07-23T20:49:23","date_gmt":"2022-07-23T20:49:23","guid":{"rendered":"http:\/\/vocesver.com\/noticias\/?p=36213"},"modified":"2022-07-23T20:49:25","modified_gmt":"2022-07-23T20:49:25","slug":"oms-declara-viruela-del-mono-como-emergencia-internacional-ve-que-significa","status":"publish","type":"post","link":"http:\/\/vocesver.com\/noticias\/oms-declara-viruela-del-mono-como-emergencia-internacional-ve-que-significa\/","title":{"rendered":"OMS declara viruela del mono como emergencia internacional; ve qu\u00e9 significa."},"content":{"rendered":"\n<p><br>REDACCI\u00d3N\/VOCESVER.COM\/NOTICIAS<br><br>INTERNACIONAL.A 23 DE JULIO 2022..- DE ACUERDO CON INFORMACI\u00d3N DE AGENCIAS\/GINEBRA\/ SUIZA\/AFP&#8230;.Para tratar de contener el brote de viruela del mono, este s\u00e1bado la Organizaci\u00f3n Mundial de la Salud (OMS), activ\u00f3 su m\u00e1ximo nivel de alerta y declar\u00f3 una emergencia de salud p\u00fablica de inter\u00e9s internacional, toda vez que, hasta el momento, la enfermedad ha afectado al menos 16 mil personas en 75 pa\u00edses.<br><br><br>Puedes leer: Viruela del mono: ve s\u00edntomas y c\u00f3mo evoluciona la enfermedad<br>OMS declara emergencia de salud p\u00fablica internacional por viruela del mono, \u00bfqu\u00e9 se sabe?<br>A trav\u00e9s de un mensaje en conferencia de prensa, Tedros Adhanom Ghebreyesus, director general de la OMS, inform\u00f3 de la activaci\u00f3n de la declaratoria de emergencia, afirmando que el riesgo en el mundo es relativamente moderado, salvo en Europa, donde es alto.<br><br>\u201cHe decidido declarar una emergencia de salud p\u00fablica de alcance internacional\u201d<br><br>Tedros Adhanom Ghebreyesus, director general de la OMS<br>Tedros explic\u00f3 que el comit\u00e9 de expertos no hab\u00eda podido llegar a un consenso y segu\u00eda dividido en cuanto a la necesidad del m\u00e1ximo nivel de alerta. Sin embargo, en \u00faltima instancia, la decisi\u00f3n corresponde al director general, como ocurri\u00f3 con este anuncio.<br><br><br>Te puede interesar: \u00bfTienes dudas acerca de la viruela del mono? Salud explica esto<br>En una primera reuni\u00f3n, el pasado 23 de junio, la mayor\u00eda de expertos recomend\u00f3 a Tedros no decretar la emergencia de salud p\u00fablica de alcance internacional.<br><br><br>\u201cLa viruela del mono est\u00e1 fuera de control, no hay ninguna raz\u00f3n legal, cient\u00edfica o sanitaria para no declarar una emergencia de salud p\u00fablica de magnitud internacional\u201d, dijo en Twitter el viernes Lawrence Gostin, experto estadounidense en derecho de la salud p\u00fablica y director del Centro de Derecho de la Salud de la OMS.<br><br><br>\u00bfQu\u00e9 significa una emergencia internacional, es lo mismo que una pandemia?<br>No. Una emergencia sanitaria internacional s\u00f3lo puede ser declarada por la Organizaci\u00f3n Mundial de la Salud (OMS) y se cataloga as\u00ed cuando una enfermedad trasciende las barreras internacionales y requiere de medidas dr\u00e1sticas para ser contenida, como en el caso de la viruela del mono.<br><br><br>Una emergencia de salud p\u00fablica de preocupaci\u00f3n internacional (como la declarada este s\u00e1bado por la viruela del mono) no es lo mismo que una pandemia, por ejemplo:<br><br>La OMS declar\u00f3 primero al nuevo coronavirus (COVID-19) como una emergencia de salud p\u00fablica internacional el 30 de enero de 2020 y un par de meses m\u00e1s adelante, el 11 de marzo de ese mismo a\u00f1o, catalog\u00f3 a la enfermedad como una pandemia.<br><br>La OMS utiliza el t\u00e9rmino \u201cemergencia de salud p\u00fablica de inter\u00e9s internacional\u201d cuando el brote de una enfermedad afecta a m\u00e1s de un pa\u00eds y se requiere una estrategia de nivel internacional para enfrentarlo. Ese es el caso de la viruela del mono.<br><br>Para ser declarada como tal, la enfermedad debe tener un impacto serio en la salud p\u00fablica y ser \u201cinusual\u201d e \u201cinesperada\u201d. Esta medida obliga a que se sumen esfuerzos para la mitigaci\u00f3n de la enfermedad, pero tambi\u00e9n para diagnosticar, evaluar y analizar cu\u00e1les son los patrones que est\u00e1n haciendo que se propague, de tal manera que los pa\u00edses afectados deben proporcionar informaci\u00f3n transparente sobre lo que sucede y estar preparados para aislar y atender a los pacientes infectados.<br><br>\u00bfCu\u00e1les son los s\u00edntomas de la viruela del mono?<br>La viruela del mono es una zoonosis selv\u00e1tica con infecciones humanas incidentales que generalmente ocurren en partes boscosas de \u00c1frica central y occidental, aunque en el reciente brote de esta enfermedad, se aloj\u00f3 en pa\u00edses no end\u00e9micos.<br><br><br>La viruela del simio resulta de la infecci\u00f3n por un virus, miembro del g\u00e9nero Orthopoxvirus de la familia Poxviridae (subfamilia Chordopoxvirinae), y est\u00e1 estrechamente relacionada con el virus de la viruela.<br><br>Esta afecci\u00f3n se puede propagar a las personas cuando entran en contacto f\u00edsico con un animal infectado. Los animales que hospedan este virus pueden incluir roedores o primates. Se puede contraer esta afecci\u00f3n a trav\u00e9s del contacto f\u00edsico con alguien que tiene s\u00edntomas. Las erupciones, los fluidos corporales y las costras son particularmente infecciosos.<br><br>La OMS enlist\u00f3 los s\u00edntomas m\u00e1s comunes y detall\u00f3 que los signos suelen comenzar entre siete y 14 d\u00edas despu\u00e9s de la exposici\u00f3n, pero en algunos casos pueden no aparecer hasta los 21 d\u00edas:<br><br>Fiebre<br>Dolor de cabeza intenso<br>Dolores musculares<br>Dolor de espalda<br>Poca energ\u00eda<br>Ganglios linf\u00e1ticos inflamados<br>Erupciones o lesiones en la piel<br><br><br><br><br><br><br>INF. DE AGENCIAS(GINEBRA\/SUIZA\/AFP&#8230;..<br><br><br><br><br><br><br><br><br><br><br><br><br><br><br><br><br><br><br><br><br><br><br><br><br><br><br><br><br><br><br><br><br><br><br><br><br><br><br><br><\/p>\n","protected":false},"excerpt":{"rendered":"<p>REDACCI\u00d3N\/VOCESVER.COM\/NOTICIAS INTERNACIONAL.A 23 DE JULIO 2022..- DE ACUERDO CON INFORMACI\u00d3N DE AGENCIAS\/GINEBRA\/ SUIZA\/AFP&#8230;.Para tratar de contener el brote de viruela<\/p>\n","protected":false},"author":2,"featured_media":36219,"comment_status":"open","ping_status":"open","sticky":false,"template":"","format":"standard","meta":{"colormag_page_container_layout":"default_layout","colormag_page_sidebar_layout":"default_layout","footnotes":""},"categories":[6],"tags":[],"class_list":["post-36213","post","type-post","status-publish","format-standard","has-post-thumbnail","hentry","category-internacional"],"_links":{"self":[{"href":"http:\/\/vocesver.com\/noticias\/wp-json\/wp\/v2\/posts\/36213","targetHints":{"allow":["GET"]}}],"collection":[{"href":"http:\/\/vocesver.com\/noticias\/wp-json\/wp\/v2\/posts"}],"about":[{"href":"http:\/\/vocesver.com\/noticias\/wp-json\/wp\/v2\/types\/post"}],"author":[{"embeddable":true,"href":"http:\/\/vocesver.com\/noticias\/wp-json\/wp\/v2\/users\/2"}],"replies":[{"embeddable":true,"href":"http:\/\/vocesver.com\/noticias\/wp-json\/wp\/v2\/comments?post=36213"}],"version-history":[{"count":2,"href":"http:\/\/vocesver.com\/noticias\/wp-json\/wp\/v2\/posts\/36213\/revisions"}],"predecessor-version":[{"id":36220,"href":"http:\/\/vocesver.com\/noticias\/wp-json\/wp\/v2\/posts\/36213\/revisions\/36220"}],"wp:featuredmedia":[{"embeddable":true,"href":"http:\/\/vocesver.com\/noticias\/wp-json\/wp\/v2\/media\/36219"}],"wp:attachment":[{"href":"http:\/\/vocesver.com\/noticias\/wp-json\/wp\/v2\/media?parent=36213"}],"wp:term":[{"taxonomy":"category","embeddable":true,"href":"http:\/\/vocesver.com\/noticias\/wp-json\/wp\/v2\/categories?post=36213"},{"taxonomy":"post_tag","embeddable":true,"href":"http:\/\/vocesver.com\/noticias\/wp-json\/wp\/v2\/tags?post=36213"}],"curies":[{"name":"wp","href":"https:\/\/api.w.org\/{rel}","templated":true}]}}