{"id":36209,"date":"2022-07-23T20:33:18","date_gmt":"2022-07-23T20:33:18","guid":{"rendered":"http:\/\/vocesver.com\/noticias\/?p=36209"},"modified":"2022-07-23T20:35:14","modified_gmt":"2022-07-23T20:35:14","slug":"urgen-incentivos-fiscales-para-que-empresarios-navieros-reactiven-la-construccion-navalpacheco-georges","status":"publish","type":"post","link":"http:\/\/vocesver.com\/noticias\/urgen-incentivos-fiscales-para-que-empresarios-navieros-reactiven-la-construccion-navalpacheco-georges\/","title":{"rendered":"URGEN INCENTIVOS FISCALES PARA QUE EMPRESARIOS  NAVIEROS REACTIVEN LA CONSTRUCCI\u00d3N NAVAL:PACHECO  GEORGES."},"content":{"rendered":"\n<p><br>\u00b0Desde hace m\u00e1s de dos d\u00e9cadas la flota mar\u00edtima est\u00e1 mermada.<br>\u00b0Los incentivos fiscales a armadores permitir\u00e1n la reactivaci\u00f3n <br>de la construcci\u00f3n naval.<br>AUSENCIO RIVERA\/VOCESVER.COM\/NOTICIAS<br><br>Veracruz,Ver.- a 23 de Julio 2022.- El secretario general de la Asociaci\u00f3n Sindical de Oficiales de M\u00e1quinas de la Marina Mercante Nacional(Asommmn)I.M.N. Enrique O. Pacheco Georges afirm\u00f3 que dentro de las modificaciones o adecuaciones que se van a realizar a la Ley de Navegaci\u00f3n, el sector mar\u00edtimo del pa\u00eds espera que se den incentivos a los empresarios navieros para que estos puedan reactivar la construcci\u00f3n naval y vuelva a contarse con una flota mercante de bandera mexicana.<br><br><br>El dirigente sindical reconoci\u00f3 que desde hace m\u00e1s de dos d\u00e9cadas la flota mar\u00edtima nacional est\u00e1 mermada, porque no hay incentivos fiscales para los armadores. <br><br>Adecuaciones a Ley de Navegaci\u00f3n deben incluir incentivos para reactivar construcci\u00f3n naval.<br><br>En ese sentido, destac\u00f3 que el sector mar\u00edtimo est\u00e1 pidiendo ese apoyo, ese impulso gubernamental, para que la actividad mar\u00edtima que es parte esencial en el comercio mar\u00edtimo internacional, pueda desarrollarse, pueda despegar.<br>Ah\u00ed es donde debemos ser participativos y ponernos a trabajar, y las adecuaciones que se tengan que dar, si es necesaria nuestra participaci\u00f3n del sector, tendremos que hacerlo para que aportemos la experiencia mucha o poca que se tenga\u201d, anot\u00f3. <br><br>Coment\u00f3 que tambi\u00e9n debe invertirse en instalaciones portuarias para que las rutas mar\u00edtimas del cabotaje puedan fluir adecuadamente, ya que son distintas a la navegaci\u00f3n de altura. <br><br>Actualmente, mencion\u00f3, hay un crecimiento en el cabotaje, es decir en el traslado de mercanc\u00edas entre puertos mexicanos.  <br><br>Por otro lado, expres\u00f3 que est\u00e1n inmersos en la legitimaci\u00f3n de los Contratos Colectivos de Trabajo para dar cumplimiento a la Reforma Laboral, ya que el plazo l\u00edmite para ello es en mayo del 2023. <br><br>\u201cNo queremos que los tiempos se nos vayan acotando, pues queremos cumplir cabalmente con lo que marca la nueva Ley Laboral en el pa\u00eds\u201d, remarc\u00f3. <br><br><br><br><br><br><br><br><br><br><br><br><br><br><br><br><br><br><br><br><br><br><br><br><br><br><br><br><br><br><br><br><br><br><br><br><br><br><br><br><br><br><br><\/p>\n","protected":false},"excerpt":{"rendered":"<p>\u00b0Desde hace m\u00e1s de dos d\u00e9cadas la flota mar\u00edtima est\u00e1 mermada.\u00b0Los incentivos fiscales a armadores permitir\u00e1n la reactivaci\u00f3n de la<\/p>\n","protected":false},"author":2,"featured_media":36216,"comment_status":"open","ping_status":"open","sticky":false,"template":"","format":"standard","meta":{"colormag_page_container_layout":"default_layout","colormag_page_sidebar_layout":"default_layout","footnotes":""},"categories":[2],"tags":[],"class_list":["post-36209","post","type-post","status-publish","format-standard","has-post-thumbnail","hentry","category-infogral"],"_links":{"self":[{"href":"http:\/\/vocesver.com\/noticias\/wp-json\/wp\/v2\/posts\/36209","targetHints":{"allow":["GET"]}}],"collection":[{"href":"http:\/\/vocesver.com\/noticias\/wp-json\/wp\/v2\/posts"}],"about":[{"href":"http:\/\/vocesver.com\/noticias\/wp-json\/wp\/v2\/types\/post"}],"author":[{"embeddable":true,"href":"http:\/\/vocesver.com\/noticias\/wp-json\/wp\/v2\/users\/2"}],"replies":[{"embeddable":true,"href":"http:\/\/vocesver.com\/noticias\/wp-json\/wp\/v2\/comments?post=36209"}],"version-history":[{"count":2,"href":"http:\/\/vocesver.com\/noticias\/wp-json\/wp\/v2\/posts\/36209\/revisions"}],"predecessor-version":[{"id":36214,"href":"http:\/\/vocesver.com\/noticias\/wp-json\/wp\/v2\/posts\/36209\/revisions\/36214"}],"wp:featuredmedia":[{"embeddable":true,"href":"http:\/\/vocesver.com\/noticias\/wp-json\/wp\/v2\/media\/36216"}],"wp:attachment":[{"href":"http:\/\/vocesver.com\/noticias\/wp-json\/wp\/v2\/media?parent=36209"}],"wp:term":[{"taxonomy":"category","embeddable":true,"href":"http:\/\/vocesver.com\/noticias\/wp-json\/wp\/v2\/categories?post=36209"},{"taxonomy":"post_tag","embeddable":true,"href":"http:\/\/vocesver.com\/noticias\/wp-json\/wp\/v2\/tags?post=36209"}],"curies":[{"name":"wp","href":"https:\/\/api.w.org\/{rel}","templated":true}]}}