{"id":36207,"date":"2022-07-23T20:13:30","date_gmt":"2022-07-23T20:13:30","guid":{"rendered":"http:\/\/vocesver.com\/noticias\/?p=36207"},"modified":"2022-07-23T20:15:44","modified_gmt":"2022-07-23T20:15:44","slug":"estudiantes-de-enfermeria-de-la-uno-imparten-platicas-de-salud-a-la-poblacion-veracruzana","status":"publish","type":"post","link":"http:\/\/vocesver.com\/noticias\/estudiantes-de-enfermeria-de-la-uno-imparten-platicas-de-salud-a-la-poblacion-veracruzana\/","title":{"rendered":"ESTUDIANTES DE ENFERMERIA DE LA UNO IMPARTEN  PLATICAS DE SALUD A LA POBLACI\u00d3N VERACRUZANA."},"content":{"rendered":"\n<p><br><br>\u00b0La feria de salud se instal\u00f3 en el Parque Zamora de esta<br> Ciudad,particip\u00f3 cerca de un centenar de estudiantes.<br>REDACCI\u00d3N\/VOCESVER.COM\/NOTICIA<br>Veracruz,Ver.- a 23 de Julio 2022.- Grupos de estudiantes de la Universidad Nacional Obrera(UNO) del Puerto de Veracruz instalar\u00f3n este s\u00e1bado la feria de la salid donde impartieron platicas en tornos a diversas enfermedades para que la poblaci\u00f3n est\u00e9 enterada y sepa qu\u00e9 hacer en caso de una emergencia. La Feria de la Salud se instalal\u00f3 en el Parque Zamora de esta ciudad desde las 8 de la ma\u00f1ana y estuvo acudiendo mucha gente. H\u00e9ctor Simoni Herrera Ocampo estudiante del cuarto cuatrimestre de la carrera de enfermer\u00eda de UNO explic\u00f3 que entre los temas que se abordaron se encuentran:Primeros Auxilios,Detecci\u00f3n de Infartos y Parafilia. Foto Ausencio RIVERA.<br><br><br><br><br><br><br><br><br><br><br><br><br><br><br><br><br><br><br><br><br><br><br><br><br><br><br><br><br><br><br><br><br><br><br><br><br><\/p>\n","protected":false},"excerpt":{"rendered":"<p>\u00b0La feria de salud se instal\u00f3 en el Parque Zamora de esta Ciudad,particip\u00f3 cerca de un centenar de estudiantes.REDACCI\u00d3N\/VOCESVER.COM\/NOTICIAVeracruz,Ver.- a<\/p>\n","protected":false},"author":2,"featured_media":36211,"comment_status":"open","ping_status":"open","sticky":false,"template":"","format":"standard","meta":{"colormag_page_container_layout":"default_layout","colormag_page_sidebar_layout":"default_layout","footnotes":""},"categories":[2],"tags":[],"class_list":["post-36207","post","type-post","status-publish","format-standard","has-post-thumbnail","hentry","category-infogral"],"_links":{"self":[{"href":"http:\/\/vocesver.com\/noticias\/wp-json\/wp\/v2\/posts\/36207","targetHints":{"allow":["GET"]}}],"collection":[{"href":"http:\/\/vocesver.com\/noticias\/wp-json\/wp\/v2\/posts"}],"about":[{"href":"http:\/\/vocesver.com\/noticias\/wp-json\/wp\/v2\/types\/post"}],"author":[{"embeddable":true,"href":"http:\/\/vocesver.com\/noticias\/wp-json\/wp\/v2\/users\/2"}],"replies":[{"embeddable":true,"href":"http:\/\/vocesver.com\/noticias\/wp-json\/wp\/v2\/comments?post=36207"}],"version-history":[{"count":2,"href":"http:\/\/vocesver.com\/noticias\/wp-json\/wp\/v2\/posts\/36207\/revisions"}],"predecessor-version":[{"id":36210,"href":"http:\/\/vocesver.com\/noticias\/wp-json\/wp\/v2\/posts\/36207\/revisions\/36210"}],"wp:featuredmedia":[{"embeddable":true,"href":"http:\/\/vocesver.com\/noticias\/wp-json\/wp\/v2\/media\/36211"}],"wp:attachment":[{"href":"http:\/\/vocesver.com\/noticias\/wp-json\/wp\/v2\/media?parent=36207"}],"wp:term":[{"taxonomy":"category","embeddable":true,"href":"http:\/\/vocesver.com\/noticias\/wp-json\/wp\/v2\/categories?post=36207"},{"taxonomy":"post_tag","embeddable":true,"href":"http:\/\/vocesver.com\/noticias\/wp-json\/wp\/v2\/tags?post=36207"}],"curies":[{"name":"wp","href":"https:\/\/api.w.org\/{rel}","templated":true}]}}