{"id":36193,"date":"2022-07-22T21:34:44","date_gmt":"2022-07-22T21:34:44","guid":{"rendered":"http:\/\/vocesver.com\/noticias\/?p=36193"},"modified":"2022-07-22T21:36:56","modified_gmt":"2022-07-22T21:36:56","slug":"acuerdan-telmex-y-sindicato-terminar-huelga-seguiran-en-platicas","status":"publish","type":"post","link":"http:\/\/vocesver.com\/noticias\/acuerdan-telmex-y-sindicato-terminar-huelga-seguiran-en-platicas\/","title":{"rendered":"Acuerdan Telmex y Sindicato terminar huelga, seguir\u00e1n en pl\u00e1ticas"},"content":{"rendered":"\n<p><br>Telmex garantiz\u00f3 la calidad y continuidad de todos sus servicios de telecomunicaciones. Foto: TELMEX<br><br><br><br>REDACCI\u00d3N\/VOCESVER.COM\/NOTICIAS<br><br>NACIONAL.-a  22 de JULIO 2022.-DE ACUERDO CON INFORMACI\u00d3N DE REDACCI\u00d3N\/UNOTV&#8230;&#8230; El Sindicato de Telefonistas de la Rep\u00fablica Mexicana (STRM) y TELMEX, con la mediaci\u00f3n de la Secretar\u00eda del Trabajo y Previsi\u00f3n Social (STPS), acaban de firmar un acuerdo que implica el levantamiento de la huelga estallada ayer a las 12:00 horas y que logra el restablecimiento en TELMEX de la normalidad operativa y laboral.<br><br><br>El acuerdo suscrito obliga a ambas partes a conformar una Mesa T\u00e9cnica con representantes de la Empresa y el Sindicato, que en los pr\u00f3ximos 20 d\u00edas h\u00e1biles presentar\u00e1 propuestas viables de soluci\u00f3n al pasivo laboral, a las vacantes no cubiertas y al futuro esquema de pensiones.<br><br>Llegamos a un acuerdo con el Sindicato de Telefonistas para dar por concluida la huelga y regresar a la normalidad operativa, privilegiando el di\u00e1logo.<br><br>Agradecemos la mediaci\u00f3n de @LuisaAlcalde, titular de la @STPS_Mx pic.twitter.com\/scjsQhU6oT<br><br>\u2014 Tel\u00e9fonos de M\u00e9xico (@Telmex) July 22, 2022<br>La STPS fungir\u00e1 como mediador en esta Mesa T\u00e9cnica. Ambas partes aceptaron sujetarse, para acordar una soluci\u00f3n bilateral, a alguna de las propuestas que surjan de los trabajos de dicha Mesa T\u00e9cnica.<br><br><br>El acuerdo signado hoy no solo logra el levantamiento de la huelga, sino que busca que surja una soluci\u00f3n de fondo y duradera.<br><br><br><br><br><br><br>INF. DE REDACCI\u00d3N\/UNOTV&#8230;..<br><br><br><br><br><br><br><br><br><br><br><br><br><br><br><br><br><br><br><br><br><br><br><br><br><br><br><br><br><br><br><br><br><br><br><br><br><br><br><br><br><br><\/p>\n","protected":false},"excerpt":{"rendered":"<p>Telmex garantiz\u00f3 la calidad y continuidad de todos sus servicios de telecomunicaciones. Foto: TELMEX REDACCI\u00d3N\/VOCESVER.COM\/NOTICIAS NACIONAL.-a 22 de JULIO 2022.-DE<\/p>\n","protected":false},"author":2,"featured_media":36203,"comment_status":"open","ping_status":"open","sticky":false,"template":"","format":"standard","meta":{"colormag_page_container_layout":"default_layout","colormag_page_sidebar_layout":"default_layout","footnotes":""},"categories":[5],"tags":[],"class_list":["post-36193","post","type-post","status-publish","format-standard","has-post-thumbnail","hentry","category-nacional"],"_links":{"self":[{"href":"http:\/\/vocesver.com\/noticias\/wp-json\/wp\/v2\/posts\/36193","targetHints":{"allow":["GET"]}}],"collection":[{"href":"http:\/\/vocesver.com\/noticias\/wp-json\/wp\/v2\/posts"}],"about":[{"href":"http:\/\/vocesver.com\/noticias\/wp-json\/wp\/v2\/types\/post"}],"author":[{"embeddable":true,"href":"http:\/\/vocesver.com\/noticias\/wp-json\/wp\/v2\/users\/2"}],"replies":[{"embeddable":true,"href":"http:\/\/vocesver.com\/noticias\/wp-json\/wp\/v2\/comments?post=36193"}],"version-history":[{"count":3,"href":"http:\/\/vocesver.com\/noticias\/wp-json\/wp\/v2\/posts\/36193\/revisions"}],"predecessor-version":[{"id":36202,"href":"http:\/\/vocesver.com\/noticias\/wp-json\/wp\/v2\/posts\/36193\/revisions\/36202"}],"wp:featuredmedia":[{"embeddable":true,"href":"http:\/\/vocesver.com\/noticias\/wp-json\/wp\/v2\/media\/36203"}],"wp:attachment":[{"href":"http:\/\/vocesver.com\/noticias\/wp-json\/wp\/v2\/media?parent=36193"}],"wp:term":[{"taxonomy":"category","embeddable":true,"href":"http:\/\/vocesver.com\/noticias\/wp-json\/wp\/v2\/categories?post=36193"},{"taxonomy":"post_tag","embeddable":true,"href":"http:\/\/vocesver.com\/noticias\/wp-json\/wp\/v2\/tags?post=36193"}],"curies":[{"name":"wp","href":"https:\/\/api.w.org\/{rel}","templated":true}]}}