{"id":36185,"date":"2022-07-22T21:16:28","date_gmt":"2022-07-22T21:16:28","guid":{"rendered":"http:\/\/vocesver.com\/noticias\/?p=36185"},"modified":"2022-07-22T21:22:49","modified_gmt":"2022-07-22T21:22:49","slug":"mejoran-sustancialmente-ventas-del-mercado-hidalgo-de-la-ciudad-de-veracruzjuan-sacramento","status":"publish","type":"post","link":"http:\/\/vocesver.com\/noticias\/mejoran-sustancialmente-ventas-del-mercado-hidalgo-de-la-ciudad-de-veracruzjuan-sacramento\/","title":{"rendered":"MEJORAN SUSTANCIALMENTE VENTAS DEL MERCADO HIDALGO DE LA CIUDAD DE VERACRUZ:JUAN SACRAMENTO."},"content":{"rendered":"\n<p>\u00b0Se han incrementado de manera general hasta un 80 por ciento desde el festival Velas 2022 y el carnaval hasta la fecha.<br>\u00b0200 comercios que hab\u00edan cerrado por la pandemia ya est\u00e1n abriendo poco a poco.<br>AUSENCIO RIVERA\/VOCESVER.COM\/NOTICIAS<br><br>Veracruz,Ver.- a 22 de Julio 2022.- Con el festival de Velas, las Fiestas del Carnaval y a la fecha las ventas de los comerciantes del Mercado Hidalgo de la Ciudad de Veracruz se incrementaron en m\u00e1s de un 80 por ciento de manera general.<br>Lo anterior lo se\u00f1al\u00f3 Juan Sacramento secretario general de Uni\u00f3n de Locatarios del Mercado Hidalgo de la Ciudad de Veracruz quien explic\u00f3 a partir de esas fechas las ventas se han mejorado sustancialmente.<br>Record\u00f3 que con la pandemia del covid-19 hab\u00eda giros que solo estaban subsistiendo como son los de mochilas,arreglos de 15 a\u00f1os, bodas,pero se vinieron abajo.<br> Incluso hubo locales que mejor prefirieron cerrar \u201cporque era m\u00e1s barato quedarte encasa que venir a abrir el local, solo para gastar en electricidad y el pago de empleados\u201d. <br>Afortunadamente los negocios de comida nunca dejaron de vender, \u201cpero no lo que quisi\u00e9ramos, a\u00fan as\u00ed nunca cerramos\u201d, apunt\u00f3. <br>La mejor\u00eda en ventas est\u00e1 permitiendo que los comerciantes se reactiven econ\u00f3micamente, ahorita se podr\u00eda decir que estamos viendo la luz al final del camino \u201cporque vemos que ya se est\u00e1n mejorando las ventas,estamos vendiendo m\u00e1s y estamos viendo m\u00e1s afluencia de personas\u201d<br>Incluso estamos viendo que clientes que ten\u00edan dos a\u00f1os de no venir al Mercado ya est\u00e1n regresando nuevamente.<br>Indic\u00f3 como  consecuencia de la pandemia del Covid-19 alrededor de 200 comercios cerraron sus puertas, afortunadamente ya est\u00e1n abriendo poco a poco.<br>Finalmente el entrevistado invit\u00f3 a la poblaci\u00f3n en general a que visiten este mercado, \u201cseguimos manteniendo las medidas de seguridad contra el covid como el uso de gel, cubrebocas y la sana distancia para prevenir contagios en los visitantes\u201d. <br><br><br><br><br><br><br><br><br><br><br><br><br><br><br><br><br><br><br><br><br><br><br><br><br><br><br><br><br><br><br><br><br><br><br><br><br><br><br><br><br><br><br><br><br><br><\/p>\n","protected":false},"excerpt":{"rendered":"<p>\u00b0Se han incrementado de manera general hasta un 80 por ciento desde el festival Velas 2022 y el carnaval hasta<\/p>\n","protected":false},"author":2,"featured_media":36195,"comment_status":"open","ping_status":"open","sticky":false,"template":"","format":"standard","meta":{"colormag_page_container_layout":"default_layout","colormag_page_sidebar_layout":"default_layout","footnotes":""},"categories":[2],"tags":[],"class_list":["post-36185","post","type-post","status-publish","format-standard","has-post-thumbnail","hentry","category-infogral"],"_links":{"self":[{"href":"http:\/\/vocesver.com\/noticias\/wp-json\/wp\/v2\/posts\/36185","targetHints":{"allow":["GET"]}}],"collection":[{"href":"http:\/\/vocesver.com\/noticias\/wp-json\/wp\/v2\/posts"}],"about":[{"href":"http:\/\/vocesver.com\/noticias\/wp-json\/wp\/v2\/types\/post"}],"author":[{"embeddable":true,"href":"http:\/\/vocesver.com\/noticias\/wp-json\/wp\/v2\/users\/2"}],"replies":[{"embeddable":true,"href":"http:\/\/vocesver.com\/noticias\/wp-json\/wp\/v2\/comments?post=36185"}],"version-history":[{"count":3,"href":"http:\/\/vocesver.com\/noticias\/wp-json\/wp\/v2\/posts\/36185\/revisions"}],"predecessor-version":[{"id":36197,"href":"http:\/\/vocesver.com\/noticias\/wp-json\/wp\/v2\/posts\/36185\/revisions\/36197"}],"wp:featuredmedia":[{"embeddable":true,"href":"http:\/\/vocesver.com\/noticias\/wp-json\/wp\/v2\/media\/36195"}],"wp:attachment":[{"href":"http:\/\/vocesver.com\/noticias\/wp-json\/wp\/v2\/media?parent=36185"}],"wp:term":[{"taxonomy":"category","embeddable":true,"href":"http:\/\/vocesver.com\/noticias\/wp-json\/wp\/v2\/categories?post=36185"},{"taxonomy":"post_tag","embeddable":true,"href":"http:\/\/vocesver.com\/noticias\/wp-json\/wp\/v2\/tags?post=36185"}],"curies":[{"name":"wp","href":"https:\/\/api.w.org\/{rel}","templated":true}]}}