{"id":36181,"date":"2022-07-22T20:33:01","date_gmt":"2022-07-22T20:33:01","guid":{"rendered":"http:\/\/vocesver.com\/noticias\/?p=36181"},"modified":"2022-07-22T20:39:45","modified_gmt":"2022-07-22T20:39:45","slug":"urge-un-programa-que-beneficie-a-los-consumidores-de-tortilla-en-mexicolopez-garcia","status":"publish","type":"post","link":"http:\/\/vocesver.com\/noticias\/urge-un-programa-que-beneficie-a-los-consumidores-de-tortilla-en-mexicolopez-garcia\/","title":{"rendered":"URGE UN PROGRAMA QUE BENEFICIE A LOS CONSUMIDORES DE TORTILLA EN M\u00c9XICO:LOPEZ GARC\u00cdA."},"content":{"rendered":"\n<p>\u00b0Amlo desinteresado en apoyar a la industria de la masa y la tortilla.<br>AUSENCIO RIVERA\/VOCESVER.COM\/NOTICIAS<br>Veracruz,Ver.- a 22 de Julio 2022.- Debido a que el presidente de la Rep\u00fablica Andr\u00e9s Mauel L\u00f3pez Obrador no tiene inter\u00e9s en apoyar la econom\u00eda de los consumidores de tortilla en M\u00e9xico,es necesario que se cree un programa integral que beneficie a la poblaci\u00f3n consumidora.<br>Al respecto Homero L\u00f3pez Garc\u00eda presidente del Consejo  Nacional de la Tortilla dijo que actualmente est\u00e1n trabajando con Daniel Cota Monta\u00f1o director de Seguridad Alimentaria Mexicana(Segalmex)con quien est\u00e1n viendo algunos precios accesibles de este producto..<br>\u201cEstamos en pl\u00e1ticas con \u00e9l, no hay nada concreto y esperamos que este programa se integre para beneficio de los consumidores\u201d.<br>El programa ayudar\u00eda a que el precio de la tortilla se estabilice,\u201dnosotros no solamente usamos ma\u00edz o harina para producir la tortilla, utilizamos muchos productos  como gas, renta,combustible entre otros\u201d. Son m\u00e1s de 40 productos que utilizamos para hacer tortilla enfatiz\u00f3.<br>Reconoci\u00f3 que en estos tres a\u00f1os y medio que lleva la actual administraci\u00f3n federal la tortilla ha tenido  un aumento de 5 y 7 pesos en promedio nacional como consecuencia de los incrementos en los insumos.<br>Esto aunado a la guerra que existe en ciertas partes del mundo, el tema de la pandemia hizo que se parara mucha fabricaci\u00f3n de acero el cual tuvo m\u00e1s demanda y se pas\u00f3 a niveles internacionales, el tema del ma\u00edz que se tasa en la bolsa de Chicago y que tuvo incrementos muy altos.<br>La demanda de ma\u00edz por parte de China tambi\u00e9n nos afecta mucho, hay menos ma\u00edz,lo tasan a unos precios y el productor busca acomodarlo a un precio que m\u00e1s le convenga.<br><br><br><br><br><br><br><br><br><br><br><br><br><br><br><br><br><br><br><br><br><br><br><br><br><br><br><br><br><br><br><br><br><br><br><br><br><br><br><br><br><br><br><\/p>\n","protected":false},"excerpt":{"rendered":"<p>\u00b0Amlo desinteresado en apoyar a la industria de la masa y la tortilla.AUSENCIO RIVERA\/VOCESVER.COM\/NOTICIASVeracruz,Ver.- a 22 de Julio 2022.- Debido<\/p>\n","protected":false},"author":2,"featured_media":36189,"comment_status":"open","ping_status":"open","sticky":false,"template":"","format":"standard","meta":{"colormag_page_container_layout":"default_layout","colormag_page_sidebar_layout":"default_layout","footnotes":""},"categories":[2],"tags":[],"class_list":["post-36181","post","type-post","status-publish","format-standard","has-post-thumbnail","hentry","category-infogral"],"_links":{"self":[{"href":"http:\/\/vocesver.com\/noticias\/wp-json\/wp\/v2\/posts\/36181","targetHints":{"allow":["GET"]}}],"collection":[{"href":"http:\/\/vocesver.com\/noticias\/wp-json\/wp\/v2\/posts"}],"about":[{"href":"http:\/\/vocesver.com\/noticias\/wp-json\/wp\/v2\/types\/post"}],"author":[{"embeddable":true,"href":"http:\/\/vocesver.com\/noticias\/wp-json\/wp\/v2\/users\/2"}],"replies":[{"embeddable":true,"href":"http:\/\/vocesver.com\/noticias\/wp-json\/wp\/v2\/comments?post=36181"}],"version-history":[{"count":4,"href":"http:\/\/vocesver.com\/noticias\/wp-json\/wp\/v2\/posts\/36181\/revisions"}],"predecessor-version":[{"id":36191,"href":"http:\/\/vocesver.com\/noticias\/wp-json\/wp\/v2\/posts\/36181\/revisions\/36191"}],"wp:featuredmedia":[{"embeddable":true,"href":"http:\/\/vocesver.com\/noticias\/wp-json\/wp\/v2\/media\/36189"}],"wp:attachment":[{"href":"http:\/\/vocesver.com\/noticias\/wp-json\/wp\/v2\/media?parent=36181"}],"wp:term":[{"taxonomy":"category","embeddable":true,"href":"http:\/\/vocesver.com\/noticias\/wp-json\/wp\/v2\/categories?post=36181"},{"taxonomy":"post_tag","embeddable":true,"href":"http:\/\/vocesver.com\/noticias\/wp-json\/wp\/v2\/tags?post=36181"}],"curies":[{"name":"wp","href":"https:\/\/api.w.org\/{rel}","templated":true}]}}