{"id":36169,"date":"2022-07-21T20:35:25","date_gmt":"2022-07-21T20:35:25","guid":{"rendered":"http:\/\/vocesver.com\/noticias\/?p=36169"},"modified":"2022-07-21T20:44:45","modified_gmt":"2022-07-21T20:44:45","slug":"cnap-logra-importante-acuerdo-internacional-para-certificar-a-los-profesionales-mexicanos-del-derechofarias-morales","status":"publish","type":"post","link":"http:\/\/vocesver.com\/noticias\/cnap-logra-importante-acuerdo-internacional-para-certificar-a-los-profesionales-mexicanos-del-derechofarias-morales\/","title":{"rendered":"CNAP LOGRA IMPORTANTE ACUERDO INTERNACIONAL  PARA CERTIFICAR A LOS PROFESIONALES DEL DERECHO A NIVEL LATINOAMERICANO :FAR\u00cdAS MORALES"},"content":{"rendered":"\n<p><br>\u00b0El acuerdo lo alcanz\u00f3 con Internacional Lawyers Consortium con sede Jakarta, Indonesia y Sede para Latinoam\u00e9rica en Ecuador.<br>\u00b0Los interesados se certificar\u00e1n en Neuroderecho, disciplina cient\u00edfica que estudia el comportamiento del cerebro.<br>\u00b0La cursada inicia el primero de octubre de este a\u00f1o.<br>AUSENCIO RIVERA\/VOCESVER.COM\/NOTICIAS<br>Veracruz,Ver.- a 21 de Julio 2022,. El Colegio Nacional de Abogados Penalistas A.C.que preside el Maestro Gilberto Far\u00edas Morales alcanz\u00f3 un acuerdo con Internacional Lawyers Consortium con sede en Jakarta,Indonesia y sede para Latinoam\u00e9rica en Ecuador a trav\u00e9s de sus representantes  de CIFAL-ARGENTINA brazo operador UNITAR\/ONU como son los doctores  JAIRO MORENO Y ALEJANDRA MARCANO para que los profesionales del derecho a nivel Latinoamericano se certifique internacionalmente en Neuroderecho(Neurolaw)el cu\u00e1l se define como las disciplinas cient\u00edficas que estudian el comportamiento del cerebro buscando fundamentos biol\u00f3gicos a la conducta del ser humano en relaci\u00f3n al cometimiento de delitos,\u00e9sta certificaci\u00f3n est\u00e1 encaminada a los profesionales de la justicia,jueces,abogados,periros y fiscales,coment\u00f3 el destacado jurista veracruzano. Los organizadores son el Colegio Nacional de Abogados Penalistas A.C,CIFAL.ARGENTINA Y UNITAR\/ONU,con la neurociencia y el neuroderecho se pretende una justicia m\u00e1s justa,formar jueces, abogados y operadores de justicia en neurociencia b\u00e1sica y sus aplicaciones en el \u00e1mbito de derecho y la justicia, la cursada inicia el primero de octubre, por \u00faltimo nuestro entrevistado agradeci\u00f3 al doctor NIKHILL SETH  Subsecretario General de las Naciones Unidas y Director Ejecutivo de UNITAR\/ONU as\u00ed como al Doctor WALTER  KIRBY Presidnte de CIFAL-ARGENTINA las facilidades otorgadas al Colegio y a los abogados de M\u00e9xico para esta certificaci\u00f3n. <br><br><br><br><br><br><br><br><br><br><br><br><br><br><br><br><br><br><br><br><br><br><br><br><br><br><br><br><br><br><br><br><br><br><br><br><\/p>\n","protected":false},"excerpt":{"rendered":"<p>\u00b0El acuerdo lo alcanz\u00f3 con Internacional Lawyers Consortium con sede Jakarta, Indonesia y Sede para Latinoam\u00e9rica en Ecuador.\u00b0Los interesados se<\/p>\n","protected":false},"author":2,"featured_media":36176,"comment_status":"open","ping_status":"open","sticky":false,"template":"","format":"standard","meta":{"colormag_page_container_layout":"default_layout","colormag_page_sidebar_layout":"default_layout","footnotes":""},"categories":[2],"tags":[],"class_list":["post-36169","post","type-post","status-publish","format-standard","has-post-thumbnail","hentry","category-infogral"],"_links":{"self":[{"href":"http:\/\/vocesver.com\/noticias\/wp-json\/wp\/v2\/posts\/36169","targetHints":{"allow":["GET"]}}],"collection":[{"href":"http:\/\/vocesver.com\/noticias\/wp-json\/wp\/v2\/posts"}],"about":[{"href":"http:\/\/vocesver.com\/noticias\/wp-json\/wp\/v2\/types\/post"}],"author":[{"embeddable":true,"href":"http:\/\/vocesver.com\/noticias\/wp-json\/wp\/v2\/users\/2"}],"replies":[{"embeddable":true,"href":"http:\/\/vocesver.com\/noticias\/wp-json\/wp\/v2\/comments?post=36169"}],"version-history":[{"count":4,"href":"http:\/\/vocesver.com\/noticias\/wp-json\/wp\/v2\/posts\/36169\/revisions"}],"predecessor-version":[{"id":36179,"href":"http:\/\/vocesver.com\/noticias\/wp-json\/wp\/v2\/posts\/36169\/revisions\/36179"}],"wp:featuredmedia":[{"embeddable":true,"href":"http:\/\/vocesver.com\/noticias\/wp-json\/wp\/v2\/media\/36176"}],"wp:attachment":[{"href":"http:\/\/vocesver.com\/noticias\/wp-json\/wp\/v2\/media?parent=36169"}],"wp:term":[{"taxonomy":"category","embeddable":true,"href":"http:\/\/vocesver.com\/noticias\/wp-json\/wp\/v2\/categories?post=36169"},{"taxonomy":"post_tag","embeddable":true,"href":"http:\/\/vocesver.com\/noticias\/wp-json\/wp\/v2\/tags?post=36169"}],"curies":[{"name":"wp","href":"https:\/\/api.w.org\/{rel}","templated":true}]}}