{"id":36165,"date":"2022-07-20T23:07:29","date_gmt":"2022-07-20T23:07:29","guid":{"rendered":"http:\/\/vocesver.com\/noticias\/?p=36165"},"modified":"2022-07-20T23:07:30","modified_gmt":"2022-07-20T23:07:30","slug":"cambios-en-el-cen-del-pri-alejandro-moreno-integra-a-6-exgobernadores","status":"publish","type":"post","link":"http:\/\/vocesver.com\/noticias\/cambios-en-el-cen-del-pri-alejandro-moreno-integra-a-6-exgobernadores\/","title":{"rendered":"Cambios en el CEN del PRI: Alejandro Moreno integra a 6 exgobernadores"},"content":{"rendered":"\n<p><br>Alejandro Moreno hizo cambios en el Comit\u00e9 Ejecutivo Nacional.| Foto: Cuartoscuro.<br><br><br>REDACCI\u00d3N\/VOCESVER.COM\/NOTICIAS<br><br>NACIONAL.- A 19 DE JULIO 2022,. DE ACUERDO CON INFORMACI\u00d3N  DE GUSTAVO CASTILLO\/REDACCI\u00d3N\/M\u00c9XICO\/UNOTV&#8230;..<br>El presidente nacional del Partido Revolucionario Institucional (PRI), Alejandro Moreno, hizo cambios en el Comit\u00e9 Ejecutivo Nacional (CEN) del tricolor rumbo a las elecciones de 2023 en el Estado de M\u00e9xico y Coahuila.<br><br><br>\u201cVamos de cara a una elecci\u00f3n, la m\u00e1s importante en la elecci\u00f3n, que es en el 2023 en el Estado de M\u00e9xico y Coahuila. Lo que hicimos fue renovar el Comit\u00e9 Ejecutivo Nacional. Este no es un proyecto personal, este no es proyecto de Alejandro Moreno ni de Carolina Viggiano, este es un proyecto de partido\u201d,   <br><br>Dijo el l\u00edder priista.<br>Exgobernadores que se suman al CEN del PRI<br>En conferencia de prensa, anunci\u00f3 la integraci\u00f3n de seis exgobernadores:<br><br>Ignacio Peralta, exgobernador de Colima.<br>Joaqu\u00edn Hendrix D\u00edaz, exgobernador de Quintana Roo.<br>Jorge Herrera Caldera, exgobernador de Durango.<br>Miguel Alonso Reyes, exgobernador de Zacatecas.<br>Salvador Jara, exgobernador de Michoac\u00e1n.<br>Rolando Zapata, exgobernador de Yucat\u00e1n.<br>En ese sentido, el exgobernador yucateco Rolando Zapata Bello llam\u00f3 a que el PRI se una a la convocatoria encabezada por Alejandro Moreno, y pidi\u00f3 \u201cunidad, lealtad y fraternidad hacia el interior del partido\u201d.<br><br><br>\u201c\u00bfPor qu\u00e9 la aceptamos (la convocatoria), por qu\u00e9 estamos aqu\u00ed? Porque somos hombres y mujeres de partido, porque somos hombres y mujeres que durante toda la vida le hemos brindado nuestro esfuerzo al PRI\u201d,<br><br>Dijo el exgobernador de Yucat\u00e1n.<br>A\u00f1adi\u00f3:<br><br><br>\u201cEs necesario que, ante todo convoquemos, siempre acudamos a la convocatoria de nuestro presidente Alejandro Moreno, a la unidad, a la lealtad y a la fraternidad hacia el interior del PRI\u201d.<br><br>Concluy\u00f3 el exgobernador de Yucat\u00e1n.<br><br><br><br><br><br><br><br><br>INF. DE GUSTAVO CASTILLO\/REDACCI\u00d3N\/M\u00c9XICO\/UNOTV&#8230;.<br><br><br><br><br><br><br><br><br><br><br><br><br><br><br><br><br><br><br><br><br><br><br><br><\/p>\n","protected":false},"excerpt":{"rendered":"<p>Alejandro Moreno hizo cambios en el Comit\u00e9 Ejecutivo Nacional.| Foto: Cuartoscuro. REDACCI\u00d3N\/VOCESVER.COM\/NOTICIAS NACIONAL.- A 19 DE JULIO 2022,. DE ACUERDO<\/p>\n","protected":false},"author":2,"featured_media":36171,"comment_status":"open","ping_status":"open","sticky":false,"template":"","format":"standard","meta":{"colormag_page_container_layout":"default_layout","colormag_page_sidebar_layout":"default_layout","footnotes":""},"categories":[5],"tags":[],"class_list":["post-36165","post","type-post","status-publish","format-standard","has-post-thumbnail","hentry","category-nacional"],"_links":{"self":[{"href":"http:\/\/vocesver.com\/noticias\/wp-json\/wp\/v2\/posts\/36165","targetHints":{"allow":["GET"]}}],"collection":[{"href":"http:\/\/vocesver.com\/noticias\/wp-json\/wp\/v2\/posts"}],"about":[{"href":"http:\/\/vocesver.com\/noticias\/wp-json\/wp\/v2\/types\/post"}],"author":[{"embeddable":true,"href":"http:\/\/vocesver.com\/noticias\/wp-json\/wp\/v2\/users\/2"}],"replies":[{"embeddable":true,"href":"http:\/\/vocesver.com\/noticias\/wp-json\/wp\/v2\/comments?post=36165"}],"version-history":[{"count":2,"href":"http:\/\/vocesver.com\/noticias\/wp-json\/wp\/v2\/posts\/36165\/revisions"}],"predecessor-version":[{"id":36172,"href":"http:\/\/vocesver.com\/noticias\/wp-json\/wp\/v2\/posts\/36165\/revisions\/36172"}],"wp:featuredmedia":[{"embeddable":true,"href":"http:\/\/vocesver.com\/noticias\/wp-json\/wp\/v2\/media\/36171"}],"wp:attachment":[{"href":"http:\/\/vocesver.com\/noticias\/wp-json\/wp\/v2\/media?parent=36165"}],"wp:term":[{"taxonomy":"category","embeddable":true,"href":"http:\/\/vocesver.com\/noticias\/wp-json\/wp\/v2\/categories?post=36165"},{"taxonomy":"post_tag","embeddable":true,"href":"http:\/\/vocesver.com\/noticias\/wp-json\/wp\/v2\/tags?post=36165"}],"curies":[{"name":"wp","href":"https:\/\/api.w.org\/{rel}","templated":true}]}}