{"id":36163,"date":"2022-07-20T22:58:10","date_gmt":"2022-07-20T22:58:10","guid":{"rendered":"http:\/\/vocesver.com\/noticias\/?p=36163"},"modified":"2022-07-20T22:59:16","modified_gmt":"2022-07-20T22:59:16","slug":"mas-de-500-personas-fallecieron-en-espana-por-ola-de-calor-dice-pedro-sanchez","status":"publish","type":"post","link":"http:\/\/vocesver.com\/noticias\/mas-de-500-personas-fallecieron-en-espana-por-ola-de-calor-dice-pedro-sanchez\/","title":{"rendered":"M\u00e1s de 500 personas fallecieron en Espa\u00f1a por ola de calor, dice Pedro S\u00e1nchez"},"content":{"rendered":"\n<p><br><br>Esta \u00faltima ola de calor dej\u00f3 m\u00e1ximas de 45 grados en algunas zonas. Foto: Reuters<br><br><br><br><br>REDACCI\u00d3N\/VOCESVER.COM\/NOTICIAS<br><br>INTERNACIONAL.- A  20 DE JULIO 2022.- DE ACUERDO CON INFORMACI\u00d3N DE  AGENCIA\/ESPA\u00d1A\/AFP&#8230;&#8230;La ola de calor que azot\u00f3 Espa\u00f1a durante 10 d\u00edas provoc\u00f3 la muerte de \u201cm\u00e1s de 500 personas\u201d, afirm\u00f3 este mi\u00e9rcoles el presidente del gobierno, Pedro S\u00e1nchez, durante su visita a una zona afectada por un incendio en la regi\u00f3n de Arag\u00f3n (noreste).<br><br><br>\u201cDurante esta ola de calor, seg\u00fan los registros, los datos, han sido m\u00e1s de 500 personas las que han fallecido, como consecuencia de las temperaturas tan altas\u201d, en referencia a una estimaci\u00f3n del aumento de la mortalidad realizada por un instituto de salud p\u00fablica.<br><br>Pedro S\u00e1nchez, presidente del gobierno<br>Tan s\u00f3lo el fin de semana, se avis\u00f3 de 360 muertos debido a las extremas temperaturas, tambi\u00e9n se reportaron 20 puntos afectados de aquel pa\u00eds por los incendios.<br><br>Alertan por la ola de calor, piden extremar precauciones<br>\u201cPido a los ciudadanos que extrememos nuestras precauciones\u201d, solicit\u00f3 el mandatario socialista, que volvi\u00f3 a repetir que \u201cla emergencia clim\u00e1tica es una realidad\u201d y que \u201cel cambio clim\u00e1tico mata\u201d. <br><br><br>S\u00e1nchez ya utiliz\u00f3 t\u00e9rminos similares en otras ocasiones durante esta \u00faltima ola de calor que dej\u00f3 m\u00e1ximas de 45 grados en algunas zonas, aunque no es s\u00f3lo Espa\u00f1a, Francia y Reino Unido se acercan a los 40 grados; y potenci\u00f3 numerosos incendios que han arrasado decenas de miles de hect\u00e1reas por todo el pa\u00eds.<br><br><br>As\u00ed te informamos sobre la ola de calor en Europa:<br><br><br><br>Muertos por las altas temperaturas<br>La cantidad de muertos que cit\u00f3 S\u00e1nchez es una referencia a las estimaciones realizas por el Instituto p\u00fablico Carlos III, que hace un c\u00e1lculo estad\u00edstico del aumento de la mortalidad provocado por causas precisas como el alza de las temperaturas, comparando estas cifras con las series estad\u00edsticas hist\u00f3ricas.<br><br>El instituto matiz\u00f3 estas cifras en los \u00faltimas d\u00edas y subray\u00f3 que se trataba de una estimaci\u00f3n estad\u00edstica y no de un registro de muertes oficiales. <br><br><br><br>INF. DE AGENCIA\/ESPA\u00d1A\/AFP&#8230;.<br><br><br><br><br><br><br><br><br><br><br><br><br><br><br><br><br><br><br><br><br><br><br><br><br><br><br><br><\/p>\n","protected":false},"excerpt":{"rendered":"<p>Esta \u00faltima ola de calor dej\u00f3 m\u00e1ximas de 45 grados en algunas zonas. Foto: Reuters REDACCI\u00d3N\/VOCESVER.COM\/NOTICIAS INTERNACIONAL.- A 20 DE<\/p>\n","protected":false},"author":2,"featured_media":36167,"comment_status":"open","ping_status":"open","sticky":false,"template":"","format":"standard","meta":{"colormag_page_container_layout":"default_layout","colormag_page_sidebar_layout":"default_layout","footnotes":""},"categories":[6],"tags":[],"class_list":["post-36163","post","type-post","status-publish","format-standard","has-post-thumbnail","hentry","category-internacional"],"_links":{"self":[{"href":"http:\/\/vocesver.com\/noticias\/wp-json\/wp\/v2\/posts\/36163","targetHints":{"allow":["GET"]}}],"collection":[{"href":"http:\/\/vocesver.com\/noticias\/wp-json\/wp\/v2\/posts"}],"about":[{"href":"http:\/\/vocesver.com\/noticias\/wp-json\/wp\/v2\/types\/post"}],"author":[{"embeddable":true,"href":"http:\/\/vocesver.com\/noticias\/wp-json\/wp\/v2\/users\/2"}],"replies":[{"embeddable":true,"href":"http:\/\/vocesver.com\/noticias\/wp-json\/wp\/v2\/comments?post=36163"}],"version-history":[{"count":2,"href":"http:\/\/vocesver.com\/noticias\/wp-json\/wp\/v2\/posts\/36163\/revisions"}],"predecessor-version":[{"id":36166,"href":"http:\/\/vocesver.com\/noticias\/wp-json\/wp\/v2\/posts\/36163\/revisions\/36166"}],"wp:featuredmedia":[{"embeddable":true,"href":"http:\/\/vocesver.com\/noticias\/wp-json\/wp\/v2\/media\/36167"}],"wp:attachment":[{"href":"http:\/\/vocesver.com\/noticias\/wp-json\/wp\/v2\/media?parent=36163"}],"wp:term":[{"taxonomy":"category","embeddable":true,"href":"http:\/\/vocesver.com\/noticias\/wp-json\/wp\/v2\/categories?post=36163"},{"taxonomy":"post_tag","embeddable":true,"href":"http:\/\/vocesver.com\/noticias\/wp-json\/wp\/v2\/tags?post=36163"}],"curies":[{"name":"wp","href":"https:\/\/api.w.org\/{rel}","templated":true}]}}