{"id":36124,"date":"2022-07-19T22:05:13","date_gmt":"2022-07-19T22:05:13","guid":{"rendered":"http:\/\/vocesver.com\/noticias\/?p=36124"},"modified":"2022-07-19T22:05:14","modified_gmt":"2022-07-19T22:05:14","slug":"la-ola-de-calor-rompe-record-en-francia-y-el-reino-unido-el-termometro-podria-superar-los-40oc","status":"publish","type":"post","link":"http:\/\/vocesver.com\/noticias\/la-ola-de-calor-rompe-record-en-francia-y-el-reino-unido-el-termometro-podria-superar-los-40oc\/","title":{"rendered":"La ola de calor rompe r\u00e9cord en Francia y el Reino Unido; el term\u00f3metro podr\u00eda superar los 40\u00baC"},"content":{"rendered":"\n<p><br><br>Holanda registr\u00f3 este lunes su d\u00eda m\u00e1s caluroso en 2022. FOTO: Afp<br><br><br><br>REDACCI\u00d3N\/VOCESVER.COM\/NOTICIAS<br><br><br>INTERNACIONAL.- A  19 DE JULIO 2022.- DE ACUERDO CON INFORMACI\u00d3N DE AGENCIA\/AFP&#8230;..Los term\u00f3metros siguen al alza en Europa occidental, donde se registraron r\u00e9cords locales por la ola de calor en Francia y el Reino Unido, mientras los bomberos continuaban luchando contra los incendios en Espa\u00f1a y Portugal.<br><br>La ola de calor es la segunda registrada en menos de un mes en Europa. Para los cient\u00edficos, la multiplicaci\u00f3n de estos fen\u00f3menos es consecuencia directa del cambio clim\u00e1tico.<br><br>Francia registr\u00f3 la \u201cjornada m\u00e1s calurosa\u201d de la actual ola, que dej\u00f3 varios r\u00e9cords de temperatura en localidades del oeste como Brest (39.3 \u00baC) o Nantes (42 \u00baC), indic\u00f3 el servicio de meteorolog\u00eda M\u00e9t\u00e9o-France.<br><br><br>Al otro lado del canal de la Mancha, el Reino Unido se prepara tambi\u00e9n para r\u00e9cords de calor. El mercurio podr\u00eda superar este martes los 40 \u00baC por primera vez en su historia. La temperatura m\u00e1s alta registrada es de 38.7 \u00baC, el 25 de julio de 2019.<br><br><br>Toman medidas ante ola de calor<br>Las autoridades brit\u00e1nicas decretaron el m\u00e1ximo nivel de alerta, el 4, por el riesgo que corren incluso las personas j\u00f3venes y con buena salud. Se aconseja hidratarse, evitar exponerse al Sol y vigilar a las personas vulnerables.<br><br><br>Las escuelas de varias zonas de Inglaterra cerraron y varias compa\u00f1\u00edas de trenes llamaron a no viajar, incluso el calor en la pista oblig\u00f3 a suspender el tr\u00e1fico en el aeropuerto londinense de Luton.<br><br>Holanda registr\u00f3 este lunes su d\u00eda m\u00e1s caluroso en 2022, y B\u00e9lgica, ambos, decretaron la \u201calerta naranja\u201d para este martes, al esperarse temperaturas pr\u00f3ximas a los 40 \u00baC.<br><br><br><br><br><br>INF. DE AGENCIA\/AFP&#8230;&#8230;<br><br><br><br><br><br><br><br><br><br><br><br><br><br><br><br><br><br><br><br><br><br><br><br><br><br><br><br><\/p>\n","protected":false},"excerpt":{"rendered":"<p>Holanda registr\u00f3 este lunes su d\u00eda m\u00e1s caluroso en 2022. FOTO: Afp REDACCI\u00d3N\/VOCESVER.COM\/NOTICIAS INTERNACIONAL.- A 19 DE JULIO 2022.- DE<\/p>\n","protected":false},"author":2,"featured_media":36130,"comment_status":"open","ping_status":"open","sticky":false,"template":"","format":"standard","meta":{"colormag_page_container_layout":"default_layout","colormag_page_sidebar_layout":"default_layout","footnotes":""},"categories":[6],"tags":[],"class_list":["post-36124","post","type-post","status-publish","format-standard","has-post-thumbnail","hentry","category-internacional"],"_links":{"self":[{"href":"http:\/\/vocesver.com\/noticias\/wp-json\/wp\/v2\/posts\/36124","targetHints":{"allow":["GET"]}}],"collection":[{"href":"http:\/\/vocesver.com\/noticias\/wp-json\/wp\/v2\/posts"}],"about":[{"href":"http:\/\/vocesver.com\/noticias\/wp-json\/wp\/v2\/types\/post"}],"author":[{"embeddable":true,"href":"http:\/\/vocesver.com\/noticias\/wp-json\/wp\/v2\/users\/2"}],"replies":[{"embeddable":true,"href":"http:\/\/vocesver.com\/noticias\/wp-json\/wp\/v2\/comments?post=36124"}],"version-history":[{"count":2,"href":"http:\/\/vocesver.com\/noticias\/wp-json\/wp\/v2\/posts\/36124\/revisions"}],"predecessor-version":[{"id":36131,"href":"http:\/\/vocesver.com\/noticias\/wp-json\/wp\/v2\/posts\/36124\/revisions\/36131"}],"wp:featuredmedia":[{"embeddable":true,"href":"http:\/\/vocesver.com\/noticias\/wp-json\/wp\/v2\/media\/36130"}],"wp:attachment":[{"href":"http:\/\/vocesver.com\/noticias\/wp-json\/wp\/v2\/media?parent=36124"}],"wp:term":[{"taxonomy":"category","embeddable":true,"href":"http:\/\/vocesver.com\/noticias\/wp-json\/wp\/v2\/categories?post=36124"},{"taxonomy":"post_tag","embeddable":true,"href":"http:\/\/vocesver.com\/noticias\/wp-json\/wp\/v2\/tags?post=36124"}],"curies":[{"name":"wp","href":"https:\/\/api.w.org\/{rel}","templated":true}]}}