{"id":36118,"date":"2022-07-19T21:51:37","date_gmt":"2022-07-19T21:51:37","guid":{"rendered":"http:\/\/vocesver.com\/noticias\/?p=36118"},"modified":"2022-07-19T21:54:14","modified_gmt":"2022-07-19T21:54:14","slug":"el-proximo-30-de-julio-morena-elige-delegados-con-miras-a-los-proximos-comicios-electoralesaldo-perez","status":"publish","type":"post","link":"http:\/\/vocesver.com\/noticias\/el-proximo-30-de-julio-morena-elige-delegados-con-miras-a-los-proximos-comicios-electoralesaldo-perez\/","title":{"rendered":"El PR\u00d3XIMO 30 DE JULIO MORENA ELIGE DELEGADOS  CON MIRAS A LOS PR\u00d3XIMOS COMICIOS ELECTORALES:ALDO PEREZ"},"content":{"rendered":"\n<p>\u00b0Es un proceso interno que se lleva a cabo en base a la convocatoria emitida en d\u00edas pasados.<br>\u00b0En estos momentos muchos compa\u00f1eros morenistas se est\u00e1n inscribiendo para participar en el proceso.<br>AUSENCIO RIVERA\/VOCESVER.COM\/NOTICIAS<br>Veracruz,Ver.- a 19 de Julio 2022.- Al reconocer que Morena es un partido m\u00e1s cercano a la gente  y democr\u00e1tico, Aldo P\u00e9rez Hern\u00e1ndez integrante del Movimiento de Regeneraci\u00f3n Nacional inform\u00f3 que \u00e9ste ya se prepara para nombrar a los delegados que van a elegir al pr\u00f3ximo presidente de la Rep\u00fablica, Gobernador del Estado y Presidentes Municipales.<br>En conferencia de medios dijo que se trata de un proceso interno que se lleva a cabo en base a la convocatoria que en d\u00edas pasados se public\u00f3.<br>\u201cNosotros actualmente somos parte de este proyecto y la elecci\u00f3n para elegir a los delegados se llevar\u00e1 a cabo el pr\u00f3ximo 30 de Julio\u201d.<br>En estos momentos hay muchos compa\u00f1eros que se est\u00e1n registrando para ocupar esos cargos, al tiempo que insisti\u00f3 Morena es un partido transparente y est\u00e1 tratando que la sociedad participe al 100 por ciento.<br>No queremos que prevalezcan vicios del pasado y es por eso que este proceso interno se lleva a cabo de manera transparente y de acuerdo con los lineamientos de la convocatoria.<br>En lo personal dijo que \u00e9l no est\u00e1 buscando ning\u00fan cargo en estos momentos, \u201cvengo a sumarme al partido para contribuir en su desarrollo y crecimiento\u201d.<br><br><br><br><br><br><br><br><br><br><br><br><br><br><br><br><br><br><br><br><br><br><br><br><br><br><br><br><br><br><br><br><br><br><br><br><\/p>\n","protected":false},"excerpt":{"rendered":"<p>\u00b0Es un proceso interno que se lleva a cabo en base a la convocatoria emitida en d\u00edas pasados.\u00b0En estos momentos<\/p>\n","protected":false},"author":2,"featured_media":36127,"comment_status":"open","ping_status":"open","sticky":false,"template":"","format":"standard","meta":{"colormag_page_container_layout":"default_layout","colormag_page_sidebar_layout":"default_layout","footnotes":""},"categories":[2],"tags":[],"class_list":["post-36118","post","type-post","status-publish","format-standard","has-post-thumbnail","hentry","category-infogral"],"_links":{"self":[{"href":"http:\/\/vocesver.com\/noticias\/wp-json\/wp\/v2\/posts\/36118","targetHints":{"allow":["GET"]}}],"collection":[{"href":"http:\/\/vocesver.com\/noticias\/wp-json\/wp\/v2\/posts"}],"about":[{"href":"http:\/\/vocesver.com\/noticias\/wp-json\/wp\/v2\/types\/post"}],"author":[{"embeddable":true,"href":"http:\/\/vocesver.com\/noticias\/wp-json\/wp\/v2\/users\/2"}],"replies":[{"embeddable":true,"href":"http:\/\/vocesver.com\/noticias\/wp-json\/wp\/v2\/comments?post=36118"}],"version-history":[{"count":2,"href":"http:\/\/vocesver.com\/noticias\/wp-json\/wp\/v2\/posts\/36118\/revisions"}],"predecessor-version":[{"id":36125,"href":"http:\/\/vocesver.com\/noticias\/wp-json\/wp\/v2\/posts\/36118\/revisions\/36125"}],"wp:featuredmedia":[{"embeddable":true,"href":"http:\/\/vocesver.com\/noticias\/wp-json\/wp\/v2\/media\/36127"}],"wp:attachment":[{"href":"http:\/\/vocesver.com\/noticias\/wp-json\/wp\/v2\/media?parent=36118"}],"wp:term":[{"taxonomy":"category","embeddable":true,"href":"http:\/\/vocesver.com\/noticias\/wp-json\/wp\/v2\/categories?post=36118"},{"taxonomy":"post_tag","embeddable":true,"href":"http:\/\/vocesver.com\/noticias\/wp-json\/wp\/v2\/tags?post=36118"}],"curies":[{"name":"wp","href":"https:\/\/api.w.org\/{rel}","templated":true}]}}