{"id":36104,"date":"2022-07-16T21:53:01","date_gmt":"2022-07-16T21:53:01","guid":{"rendered":"http:\/\/vocesver.com\/noticias\/?p=36104"},"modified":"2022-07-16T22:18:04","modified_gmt":"2022-07-16T22:18:04","slug":"comunidad-juridica-de-mexico-entrega-merecido-reconocimiento-al-dr-gilberto-ferias-morales-presidente-de-cnap","status":"publish","type":"post","link":"http:\/\/vocesver.com\/noticias\/comunidad-juridica-de-mexico-entrega-merecido-reconocimiento-al-dr-gilberto-ferias-morales-presidente-de-cnap\/","title":{"rendered":"COMUNIDAD JUR\u00cdDICA DE M\u00c9XICO ENTREGA MERECIDO  RECONOCIMIENTO AL DR. GILBERTO FER\u00cdAS MORALES PRESIDENTE DE CNAP."},"content":{"rendered":"\n<p>\u00b0Fue la alcaldesa de Cuauht\u00e9moc de CDMX. Dra.Sandra Cuevas la encargada de entregar este galard\u00f3n.<br>\u00b0El Mtro. Juan Manuel P\u00e9rez Palomares fue el encargado de recibirlo en representaci\u00f3n del Dr. Gilberto Far\u00edas Morales.<br>\u00b0La entrega de este reconocimiento se dio en el marco de la celebraci\u00f3n del D\u00eda del Abogado y en donde la Comunidad Jur\u00eddica reconoci\u00f3 la labor de diverso profesionales del derecho.<br>AUSENCIO RIVERA\/VOCESVER.COM\/NOTICIAS<br>Ciudad de M\u00e9xico.- a 16 de Julio 2022.- En el marco de la celebraci\u00f3n del D\u00eda del Abogado la Comunidad Jur\u00eddica de M\u00e9xico entreg\u00f3 un merecido reconocimiento al Doctor Gilberto Far\u00edas Morales presidente del Colegio Nacional de Abogados Penalistas A.C.por su destacada labor como abogado en el pa\u00eds.<br>La entrega de este galard\u00f3n la realiz\u00f3 la Dra. Sandra Cuevas,alcaldesa de Cuuht\u00e9moc en la Ciudad de M\u00e9xico y el Mtro. Juan Manuel P\u00e9rez Palomares quien es miembro distinguido de este colegio fue el encargado de recibirlo el representaci\u00f3n del licenciado Far\u00edas Morales<br>Cabe mencionar que en este acto la Comunidad Jur\u00eddica entreg\u00f3 diversos reconocimientos a profesionales del derecho.<br>Por su parte la Alcaldesa de Cuauht\u00e9moc en su mensaje reconoci\u00f3 la importancia de la abogac\u00eda en M\u00e9xico y lo importante que son los abogados para este pa\u00eds.<br>Al mismo tiempo destac\u00f3 hoy M\u00e9xico los necesita a todos, hoy M\u00e9xico necesita a los abogados, es necesario rescatar a nuestro pa\u00eds, es necesario rescatar al estado de derecho, es necesario rescatar la democracia de este pa\u00eds, es necesario regresarles a los mexicanos la alegr\u00eda, la felicidad y eso solamente lo vamos a lograr protegiendo los derechos humanos, los derechos fundamentales por los que luchamos y por los que han luchado miles de personas.<br>Hoy ustedes tienen ese compromiso con el pa\u00eds, debemos regresarles a los mexicanos esa tranquildad, ese estado de derecho que se est\u00e1 perdiendo. <br>As\u00ed de importante es este d\u00eda, hoy es una gran reflexi\u00f3n la que debemos de hacer todos nosotros. Es el momento de levantar la voz, pero debemos de hacerlo con inteligencia,con astucia, con habilidad, con prudencia.<br>Me siento muy orgullosa de estar aqu\u00ed  celebrando  su d\u00eda, el d\u00eda de las personas abogadas,abogados, el d\u00eda de las personas que luchan todos los d\u00edas por garantizar la libertad y los derechos humanos de todas y de todos.<br><br><br><br><br><br><br><br><br><br><br><br><br><br><br><br><br><br><br><br><br><br><br><br><br><br><br><br><br><br><br><br><br><br><br><br><\/p>\n","protected":false},"excerpt":{"rendered":"<p>\u00b0Fue la alcaldesa de Cuauht\u00e9moc de CDMX. Dra.Sandra Cuevas la encargada de entregar este galard\u00f3n.\u00b0El Mtro. Juan Manuel P\u00e9rez Palomares<\/p>\n","protected":false},"author":2,"featured_media":36111,"comment_status":"open","ping_status":"open","sticky":false,"template":"","format":"standard","meta":{"colormag_page_container_layout":"default_layout","colormag_page_sidebar_layout":"default_layout","footnotes":""},"categories":[2],"tags":[],"class_list":["post-36104","post","type-post","status-publish","format-standard","has-post-thumbnail","hentry","category-infogral"],"_links":{"self":[{"href":"http:\/\/vocesver.com\/noticias\/wp-json\/wp\/v2\/posts\/36104","targetHints":{"allow":["GET"]}}],"collection":[{"href":"http:\/\/vocesver.com\/noticias\/wp-json\/wp\/v2\/posts"}],"about":[{"href":"http:\/\/vocesver.com\/noticias\/wp-json\/wp\/v2\/types\/post"}],"author":[{"embeddable":true,"href":"http:\/\/vocesver.com\/noticias\/wp-json\/wp\/v2\/users\/2"}],"replies":[{"embeddable":true,"href":"http:\/\/vocesver.com\/noticias\/wp-json\/wp\/v2\/comments?post=36104"}],"version-history":[{"count":3,"href":"http:\/\/vocesver.com\/noticias\/wp-json\/wp\/v2\/posts\/36104\/revisions"}],"predecessor-version":[{"id":36112,"href":"http:\/\/vocesver.com\/noticias\/wp-json\/wp\/v2\/posts\/36104\/revisions\/36112"}],"wp:featuredmedia":[{"embeddable":true,"href":"http:\/\/vocesver.com\/noticias\/wp-json\/wp\/v2\/media\/36111"}],"wp:attachment":[{"href":"http:\/\/vocesver.com\/noticias\/wp-json\/wp\/v2\/media?parent=36104"}],"wp:term":[{"taxonomy":"category","embeddable":true,"href":"http:\/\/vocesver.com\/noticias\/wp-json\/wp\/v2\/categories?post=36104"},{"taxonomy":"post_tag","embeddable":true,"href":"http:\/\/vocesver.com\/noticias\/wp-json\/wp\/v2\/tags?post=36104"}],"curies":[{"name":"wp","href":"https:\/\/api.w.org\/{rel}","templated":true}]}}