{"id":36094,"date":"2022-07-15T21:22:00","date_gmt":"2022-07-15T21:22:00","guid":{"rendered":"http:\/\/vocesver.com\/noticias\/?p=36094"},"modified":"2022-07-15T21:22:01","modified_gmt":"2022-07-15T21:22:01","slug":"detiene-la-marina-a-rafael-caro-quintero","status":"publish","type":"post","link":"http:\/\/vocesver.com\/noticias\/detiene-la-marina-a-rafael-caro-quintero\/","title":{"rendered":"Detiene la Marina a Rafael Caro Quintero."},"content":{"rendered":"\n<p><br>Fue detenido en un operativo encabezado por la Marina. Foto: AFP\/Archivo<br><br><br><br>REDACCI\u00d3N\/VOCESVER.COM\/NOTICIAS<br><br><br>NACIONAL.- A 15 DE JULIO 2022.- DE ACUERDO CON INFORMACI\u00d3N DE REDACCI\u00d3N\/UNOTV&#8230;.Rafael Caro Quintero fue detenido en Chihuahua, como resultado de un operativo encabezado por la Marina, tras cerca de 10 a\u00f1os de estar pr\u00f3fugo. La captura fue confirmada por el \u00e1rea de Comunicaci\u00f3n Social de la dependencia, aunque no ofreci\u00f3 mayores detalles.<br><br><br>El narcotraficante mexicano fue fundador del C\u00e1rtel de Guadalajara, junto con Miguel \u00c1ngel F\u00e9lix Gallardo y Ernesto Fonseca Carrillo.<br><br>Se hab\u00eda convertido en el delincuente m\u00e1s buscado por Estados Unidos.<br><br><br>\u00bfQui\u00e9n es Rafael Caro Quintero?<br>Fue apodado el \u201cNarco de Narcos\u201d, durante la d\u00e9cada de 1980. Su fama en el mundo del narcotr\u00e1fico se debe, en gran medida, porque es el presunto responsable del asesinato de Enrique \u201cKiki\u201d Camarena Salazar, un agende encubierto de la DEA (que operaba en M\u00e9xico).<br><br><br>En 2013, hab\u00edan liberado a Rafael Caro Quintero<br>El 9 de agosto de 2013, un tribunal federal otorg\u00f3 un amparo definitivo y orden\u00f3 liberar al narcotraficante, quien hab\u00eda sido detenido en 1985.<br><br><br>Pas\u00f3 28 a\u00f1os en prisi\u00f3n, acusado de la muerte del exagente de la DEA.<br><br><br>Caro Quintero sali\u00f3 del Complejo Penitenciario de Puente Grande, donde estaba recluido. Fue durante la madrugada. Sali\u00f3 por su propio pie, abord\u00f3 una camioneta y se fue. As\u00ed termin\u00f3 su encierro. Sin embargo, su libertad termin\u00f3 este viernes, 15 de julio de 2022, tras el operativo de la Marina que result\u00f3 en su aprehensi\u00f3n.<br><br>Dos \u00f3rdenes de aprehensi\u00f3n en su contra<br>Antes de su detenci\u00f3n, era considerado pr\u00f3fugo de la justicia, toda vez que la Fiscal\u00eda General de la Rep\u00fablica (FGR) ten\u00eda dos \u00f3rdenes de aprehensi\u00f3n en su contra. Adem\u00e1s, contaba con una orden de extradici\u00f3n a Estados Unidos.<br><br>\u00bfDe qu\u00e9 se le acusa a Rafael Caro Quintero?<br>Sobre \u00e9l pesan los cargos de secuestro y asesinato de Enrique \u201cKiki\u201d Camarena Salazar, agente mexicano encubierto de la DEA ultimado en 1985.<br><br>Tambi\u00e9n es acusado de asociaci\u00f3n delictuosa, \u201cdelitos violentos\u201d, tr\u00e1fico de marihuana y de coca\u00edna, adem\u00e1s de \u201cdirigir una empresa criminal\u201d.<br><br>Caro Quintero, el m\u00e1s buscado por la DEA; le sigue \u201cMayo\u201d Zambada<br>En noviembre del a\u00f1o pasado, la Administraci\u00f3n de Control de Drogas (DEA) de Estados Unidos inform\u00f3 en su sitio web que ofrece hasta 20 millones de d\u00f3lares como recompensa por informaci\u00f3n que conduzca al paradero de Rafael Caro Quintero. En su lista de los m\u00e1s buscados tambi\u00e9n se encuentra Ismael Zambada Garc\u00eda, del C\u00e1rtel de Sinaloa.<br><br>La DEA dijo que, tanto Rafael Caro Quintero como Ismael Zambada Garc\u00eda, son \u201cpeligrosos\u201d y, en su momento, pidi\u00f3 no acercarse a ellos.<br><br><br><br><br>INF. DE REDACCI\u00d3N\/UNOTV&#8230;&#8230;<br><br><br><br><br><br><br><br><br><br><br><br><br><br><br><br><br><br><br><br><br><br><br><br><br><br><br><br><br><\/p>\n","protected":false},"excerpt":{"rendered":"<p>Fue detenido en un operativo encabezado por la Marina. Foto: AFP\/Archivo REDACCI\u00d3N\/VOCESVER.COM\/NOTICIAS NACIONAL.- A 15 DE JULIO 2022.- DE ACUERDO<\/p>\n","protected":false},"author":2,"featured_media":36101,"comment_status":"open","ping_status":"open","sticky":false,"template":"","format":"standard","meta":{"colormag_page_container_layout":"default_layout","colormag_page_sidebar_layout":"default_layout","footnotes":""},"categories":[5],"tags":[],"class_list":["post-36094","post","type-post","status-publish","format-standard","has-post-thumbnail","hentry","category-nacional"],"_links":{"self":[{"href":"http:\/\/vocesver.com\/noticias\/wp-json\/wp\/v2\/posts\/36094","targetHints":{"allow":["GET"]}}],"collection":[{"href":"http:\/\/vocesver.com\/noticias\/wp-json\/wp\/v2\/posts"}],"about":[{"href":"http:\/\/vocesver.com\/noticias\/wp-json\/wp\/v2\/types\/post"}],"author":[{"embeddable":true,"href":"http:\/\/vocesver.com\/noticias\/wp-json\/wp\/v2\/users\/2"}],"replies":[{"embeddable":true,"href":"http:\/\/vocesver.com\/noticias\/wp-json\/wp\/v2\/comments?post=36094"}],"version-history":[{"count":2,"href":"http:\/\/vocesver.com\/noticias\/wp-json\/wp\/v2\/posts\/36094\/revisions"}],"predecessor-version":[{"id":36102,"href":"http:\/\/vocesver.com\/noticias\/wp-json\/wp\/v2\/posts\/36094\/revisions\/36102"}],"wp:featuredmedia":[{"embeddable":true,"href":"http:\/\/vocesver.com\/noticias\/wp-json\/wp\/v2\/media\/36101"}],"wp:attachment":[{"href":"http:\/\/vocesver.com\/noticias\/wp-json\/wp\/v2\/media?parent=36094"}],"wp:term":[{"taxonomy":"category","embeddable":true,"href":"http:\/\/vocesver.com\/noticias\/wp-json\/wp\/v2\/categories?post=36094"},{"taxonomy":"post_tag","embeddable":true,"href":"http:\/\/vocesver.com\/noticias\/wp-json\/wp\/v2\/tags?post=36094"}],"curies":[{"name":"wp","href":"https:\/\/api.w.org\/{rel}","templated":true}]}}