{"id":36086,"date":"2022-07-15T20:55:47","date_gmt":"2022-07-15T20:55:47","guid":{"rendered":"http:\/\/vocesver.com\/noticias\/?p=36086"},"modified":"2022-07-15T20:55:49","modified_gmt":"2022-07-15T20:55:49","slug":"acude-a-la-feria-de-la-canadevi-en-bajos-del-palacio-municipal","status":"publish","type":"post","link":"http:\/\/vocesver.com\/noticias\/acude-a-la-feria-de-la-canadevi-en-bajos-del-palacio-municipal\/","title":{"rendered":"ACUDE A LA FERIA DE LA CANADEVI EN BAJOS DEL PALACIO MUNICIPAL."},"content":{"rendered":"\n<p><br><br><br><br><br><br>REDACCI\u00d3N\/VOCESVER.COM\/NOTICIAS<br><br>PIE DE FOTO.- A 15 DE JULIO .\u2014Si aun no tienes casa, puedes acudir a la Fer\u00eda de la Canadevi que se instal\u00f3 este s\u00e1bado a un costado del Palacio Municipal. Ah\u00ed encontrar\u00e1s diversas casas y precios. Foto Ausencio RIVERA.<br><br><br><br><br><br><br><br><br><br><br><br><br><br><br><br><br><br><br><br><br><br><br><br><\/p>\n","protected":false},"excerpt":{"rendered":"<p>REDACCI\u00d3N\/VOCESVER.COM\/NOTICIAS PIE DE FOTO.- A 15 DE JULIO .\u2014Si aun no tienes casa, puedes acudir a la Fer\u00eda de la<\/p>\n","protected":false},"author":2,"featured_media":36091,"comment_status":"open","ping_status":"open","sticky":false,"template":"","format":"standard","meta":{"colormag_page_container_layout":"default_layout","colormag_page_sidebar_layout":"default_layout","footnotes":""},"categories":[2],"tags":[],"class_list":["post-36086","post","type-post","status-publish","format-standard","has-post-thumbnail","hentry","category-infogral"],"_links":{"self":[{"href":"http:\/\/vocesver.com\/noticias\/wp-json\/wp\/v2\/posts\/36086","targetHints":{"allow":["GET"]}}],"collection":[{"href":"http:\/\/vocesver.com\/noticias\/wp-json\/wp\/v2\/posts"}],"about":[{"href":"http:\/\/vocesver.com\/noticias\/wp-json\/wp\/v2\/types\/post"}],"author":[{"embeddable":true,"href":"http:\/\/vocesver.com\/noticias\/wp-json\/wp\/v2\/users\/2"}],"replies":[{"embeddable":true,"href":"http:\/\/vocesver.com\/noticias\/wp-json\/wp\/v2\/comments?post=36086"}],"version-history":[{"count":2,"href":"http:\/\/vocesver.com\/noticias\/wp-json\/wp\/v2\/posts\/36086\/revisions"}],"predecessor-version":[{"id":36092,"href":"http:\/\/vocesver.com\/noticias\/wp-json\/wp\/v2\/posts\/36086\/revisions\/36092"}],"wp:featuredmedia":[{"embeddable":true,"href":"http:\/\/vocesver.com\/noticias\/wp-json\/wp\/v2\/media\/36091"}],"wp:attachment":[{"href":"http:\/\/vocesver.com\/noticias\/wp-json\/wp\/v2\/media?parent=36086"}],"wp:term":[{"taxonomy":"category","embeddable":true,"href":"http:\/\/vocesver.com\/noticias\/wp-json\/wp\/v2\/categories?post=36086"},{"taxonomy":"post_tag","embeddable":true,"href":"http:\/\/vocesver.com\/noticias\/wp-json\/wp\/v2\/tags?post=36086"}],"curies":[{"name":"wp","href":"https:\/\/api.w.org\/{rel}","templated":true}]}}