{"id":36077,"date":"2022-07-14T22:40:33","date_gmt":"2022-07-14T22:40:33","guid":{"rendered":"http:\/\/vocesver.com\/noticias\/?p=36077"},"modified":"2022-07-14T22:42:28","modified_gmt":"2022-07-14T22:42:28","slug":"hacer-del-sureste-mas-productivo-frenaria-la-migracion-trujillo-alvarez","status":"publish","type":"post","link":"http:\/\/vocesver.com\/noticias\/hacer-del-sureste-mas-productivo-frenaria-la-migracion-trujillo-alvarez\/","title":{"rendered":"Hacer del sureste m\u00e1s productivo frenar\u00eda la migraci\u00f3n: Trujillo \u00c1lvarez"},"content":{"rendered":"\n<p><br><br><br>REDACCI\u00d3N\/VOCESCVER.COM\/NOTICIAS<br><br><br>VERACRUZ,VE.- A 14 DE JULIO 2022.- Al pedir comprensi\u00f3n para los migrantes centroamericanos que cruzan Veracruz, el presidente de la Red Evang\u00e9lica en el estado, Guillermo Trujillo \u00c1lvarez, destac\u00f3 que muchos mexicanos est\u00e1n en la misma situaci\u00f3n hacia Estados Unidos en busca de empleo y expulsados por la inseguridad.<br><br>Sureste m\u00e1s productivo detendr\u00eda la migraci\u00f3n: Red Evang\u00e9lica<br>Trujillo \u00c1lvarez apel\u00f3 a la solidaridad de los veracruzanos y entender que los centroamericanos no emigran por gusto, sino por necesidad.<br><br>\u00abSon seres humanos, son personas en busca de una mejor calidad de vida porque en sus pa\u00edses hay m\u00e1s violencia que en el nuestro, tenemos conocimiento de que simplemente por vivir les quieren cobrar y si no pagan, los matan. Vienen huyendo de una cruda realidad\u00bb, se\u00f1al\u00f3 Trujillo \u00c1lvarez.<br><br>Destac\u00f3 que en muchos casos son familias completas, los pap\u00e1s y los hijos, y sugiri\u00f3 apoyarles con un pan o con una moneda.<br><br><br>Trujillo \u00c1lvarez dijo que el tema migratorio es fundamental en la relaci\u00f3n de M\u00e9xico y Estados Unidos y que deben sentarse bases al respecto.<br><br>\u00abCreo que no ha habido pol\u00edticas correctas, no hay pronunciamiento ni pol\u00edticas de que se vaya a hacer algo. Es un tema que a todos nos involucra ya que por aqu\u00ed atraviesan los migrantes por nuestras calles (&#8230;), esperemos que el gobierno aterrice pol\u00edticas que sirvan y ayuden a los migrantes.<br><br>Otros lectores tambi\u00e9n leyeron&#8230;<br>\u00abHoy lo preocupante es que hay migrante mexicano y eso quiere decir que no encuentran oportunidades, no encuentran empleo o van huyendo de la violencia que nos aqueja en M\u00e9xico, muchos mexicanos se est\u00e1n yendo por la inseguridad, ya empiezan a irse por la inseguridad\u00bb, puntualiz\u00f3 Trujillo \u00c1lvarez.<br><br>Recalc\u00f3 que si se generan oportunidades no habr\u00e1 emigraci\u00f3n.<br><br><br><br><br><br><br><br><br><br><br><br><br><br><br><br><br><br><br><br><br><br><br><br><br><br><br><br><br><br><br><br><br><\/p>\n","protected":false},"excerpt":{"rendered":"<p>REDACCI\u00d3N\/VOCESCVER.COM\/NOTICIAS VERACRUZ,VE.- A 14 DE JULIO 2022.- Al pedir comprensi\u00f3n para los migrantes centroamericanos que cruzan Veracruz, el presidente de<\/p>\n","protected":false},"author":2,"featured_media":36082,"comment_status":"open","ping_status":"open","sticky":false,"template":"","format":"standard","meta":{"colormag_page_container_layout":"default_layout","colormag_page_sidebar_layout":"default_layout","footnotes":""},"categories":[2],"tags":[],"class_list":["post-36077","post","type-post","status-publish","format-standard","has-post-thumbnail","hentry","category-infogral"],"_links":{"self":[{"href":"http:\/\/vocesver.com\/noticias\/wp-json\/wp\/v2\/posts\/36077","targetHints":{"allow":["GET"]}}],"collection":[{"href":"http:\/\/vocesver.com\/noticias\/wp-json\/wp\/v2\/posts"}],"about":[{"href":"http:\/\/vocesver.com\/noticias\/wp-json\/wp\/v2\/types\/post"}],"author":[{"embeddable":true,"href":"http:\/\/vocesver.com\/noticias\/wp-json\/wp\/v2\/users\/2"}],"replies":[{"embeddable":true,"href":"http:\/\/vocesver.com\/noticias\/wp-json\/wp\/v2\/comments?post=36077"}],"version-history":[{"count":3,"href":"http:\/\/vocesver.com\/noticias\/wp-json\/wp\/v2\/posts\/36077\/revisions"}],"predecessor-version":[{"id":36084,"href":"http:\/\/vocesver.com\/noticias\/wp-json\/wp\/v2\/posts\/36077\/revisions\/36084"}],"wp:featuredmedia":[{"embeddable":true,"href":"http:\/\/vocesver.com\/noticias\/wp-json\/wp\/v2\/media\/36082"}],"wp:attachment":[{"href":"http:\/\/vocesver.com\/noticias\/wp-json\/wp\/v2\/media?parent=36077"}],"wp:term":[{"taxonomy":"category","embeddable":true,"href":"http:\/\/vocesver.com\/noticias\/wp-json\/wp\/v2\/categories?post=36077"},{"taxonomy":"post_tag","embeddable":true,"href":"http:\/\/vocesver.com\/noticias\/wp-json\/wp\/v2\/tags?post=36077"}],"curies":[{"name":"wp","href":"https:\/\/api.w.org\/{rel}","templated":true}]}}