{"id":36073,"date":"2022-07-14T22:35:14","date_gmt":"2022-07-14T22:35:14","guid":{"rendered":"http:\/\/vocesver.com\/noticias\/?p=36073"},"modified":"2022-07-14T22:35:16","modified_gmt":"2022-07-14T22:35:16","slug":"ola-de-calor-no-termina-espana-supera-los-40-grados-e-incendios-se-multiplican-en-europa","status":"publish","type":"post","link":"http:\/\/vocesver.com\/noticias\/ola-de-calor-no-termina-espana-supera-los-40-grados-e-incendios-se-multiplican-en-europa\/","title":{"rendered":"\u00a1Ola de calor no termina! Espa\u00f1a supera los 40 grados e incendios se multiplican en Europa"},"content":{"rendered":"\n<p><br><br><br><br>Se espera un calor aplastante, por encima de los 40\u00baC. Foto: AFP<br><br><br><br><br><br>REDACCI\u00d3N\/VOCESVER.COM\/NOTICIAS<br><br>iINTERNACIONAL.- A 14 DE JULIO 2022.- DE ACUERDO CO INFORMACI\u00d3N DE  AGENCIA\/AFP&#8230;.La ola de calor que se abate sobre el sudoeste de Europa desde hace varios d\u00edas alcanzar\u00e1 su pico en Espa\u00f1a, donde las temperaturas superaron ya los 45\u00baC en la v\u00edspera, a la vez que se multiplican los incendios forestales.<br><br><br>La ola de calor en la Pen\u00ednsula Ib\u00e9rica tendr\u00e1 una duraci\u00f3n de una semana a 10 d\u00edas, es decir, al menos hasta el domingo o quiz\u00e1s hasta mediados de la semana que viene.<br><br>El jueves \u201cse espera que sea el d\u00eda \u00e1lgido de este episodio de ola de calor\u201d, advirti\u00f3 la Agencia Meteorol\u00f3gica Estatal (Aemet) espa\u00f1ola, que no prev\u00e9, sin embargo, que se bata el r\u00e9cord absoluto de calor en Espa\u00f1a, de 47.4 \u00baC, registrado en agosto de 2021 en Montoro, en Andaluc\u00eda.<br><br><br>No obstante, se espera un calor aplastante, por encima de los 40\u00baC, en los valles del Guadiana, el Tajo y el Guadalquivir, en el cuadrante suroeste del pa\u00eds, y en el centro, seg\u00fan la Aemet.<br><br><br>Asimismo, la agencia espa\u00f1ola prev\u00e9 que las temperaturas m\u00ednimas sigan subiendo hasta los 24-26 grados cent\u00edgrados en el sur y el centro del pa\u00eds.<br><br><br>Toda Espa\u00f1a, salvo las islas Canarias, est\u00e1 bajo alerta por las altas temperaturas. Andaluc\u00eda (sur), Extremadura (suroeste), y hasta Galicia (noroeste), de clima tradicionalmente moderado, est\u00e1n en alerta roja.<br><br>Las temperaturas aflojar\u00e1n el fin de semana en Espa\u00f1a, en particular en el sur y el oeste, pero la situaci\u00f3n seguir\u00e1 siendo sofocante en el noroeste mientras la ola de calor se desplaza hacia el norte, hacia Francia y el Reino Unido.<br><br><br><br>Foto: AFP.<br>Por ola de calor, reportan incendios en Europa<br>Con semejante calor, los incendios proliferan en el sur de Europa.<br><br>En Grecia, un helic\u00f3ptero que intentaba apagar un incendio forestal en Samos se estrell\u00f3 en el mar Egeo, seg\u00fan informaron los guardacostas griegos el mi\u00e9rcoles.<br><br>\u201cHay un superviviente y se est\u00e1 llevando a cabo una operaci\u00f3n de rescate para encontrar a los otros tres miembros de la tripulaci\u00f3n\u201d, dijo un funcionario de los guardacostas.<br><br><br><br>Foto: AFP.<br>En Portugal, un incendio en la noche del martes caus\u00f3 la muerte de una persona en la regi\u00f3n norte\u00f1a de Aveiro, seg\u00fan los servicios de emergencia. Seg\u00fan el peri\u00f3dico Correio da Manha, la v\u00edctima era una mujer de unos 50 a\u00f1os.<br><br>Finalmente, en Francia, dos incendios alimentados por \u201cla vegetaci\u00f3n seca, especialmente la maleza\u201d, seg\u00fan las autoridades, han arrasado 2 mil 700 hect\u00e1reas de pinos en la regi\u00f3n de Burdeos (suroeste) desde el martes.<br><br><br><br><br>INF. DE AGENCIA\/AFP&#8230;&#8230;.<br><br><br><br><br><br><br><br><br><br><br><br><br><br><br><br><br><br><br><br><br><br><br><br><br><br><\/p>\n","protected":false},"excerpt":{"rendered":"<p>Se espera un calor aplastante, por encima de los 40\u00baC. Foto: AFP REDACCI\u00d3N\/VOCESVER.COM\/NOTICIAS iINTERNACIONAL.- A 14 DE JULIO 2022.- DE<\/p>\n","protected":false},"author":2,"featured_media":36078,"comment_status":"open","ping_status":"open","sticky":false,"template":"","format":"standard","meta":{"colormag_page_container_layout":"default_layout","colormag_page_sidebar_layout":"default_layout","footnotes":""},"categories":[6],"tags":[],"class_list":["post-36073","post","type-post","status-publish","format-standard","has-post-thumbnail","hentry","category-internacional"],"_links":{"self":[{"href":"http:\/\/vocesver.com\/noticias\/wp-json\/wp\/v2\/posts\/36073","targetHints":{"allow":["GET"]}}],"collection":[{"href":"http:\/\/vocesver.com\/noticias\/wp-json\/wp\/v2\/posts"}],"about":[{"href":"http:\/\/vocesver.com\/noticias\/wp-json\/wp\/v2\/types\/post"}],"author":[{"embeddable":true,"href":"http:\/\/vocesver.com\/noticias\/wp-json\/wp\/v2\/users\/2"}],"replies":[{"embeddable":true,"href":"http:\/\/vocesver.com\/noticias\/wp-json\/wp\/v2\/comments?post=36073"}],"version-history":[{"count":2,"href":"http:\/\/vocesver.com\/noticias\/wp-json\/wp\/v2\/posts\/36073\/revisions"}],"predecessor-version":[{"id":36079,"href":"http:\/\/vocesver.com\/noticias\/wp-json\/wp\/v2\/posts\/36073\/revisions\/36079"}],"wp:featuredmedia":[{"embeddable":true,"href":"http:\/\/vocesver.com\/noticias\/wp-json\/wp\/v2\/media\/36078"}],"wp:attachment":[{"href":"http:\/\/vocesver.com\/noticias\/wp-json\/wp\/v2\/media?parent=36073"}],"wp:term":[{"taxonomy":"category","embeddable":true,"href":"http:\/\/vocesver.com\/noticias\/wp-json\/wp\/v2\/categories?post=36073"},{"taxonomy":"post_tag","embeddable":true,"href":"http:\/\/vocesver.com\/noticias\/wp-json\/wp\/v2\/tags?post=36073"}],"curies":[{"name":"wp","href":"https:\/\/api.w.org\/{rel}","templated":true}]}}