{"id":36067,"date":"2022-07-14T22:27:40","date_gmt":"2022-07-14T22:27:40","guid":{"rendered":"http:\/\/vocesver.com\/noticias\/?p=36067"},"modified":"2022-07-14T22:27:41","modified_gmt":"2022-07-14T22:27:41","slug":"trasladan-a-los-14-detenidos-en-la-balacera-de-la-mexico-cuernavaca-a-santa-martha-acatitla","status":"publish","type":"post","link":"http:\/\/vocesver.com\/noticias\/trasladan-a-los-14-detenidos-en-la-balacera-de-la-mexico-cuernavaca-a-santa-martha-acatitla\/","title":{"rendered":"Trasladan a los 14 detenidos en la balacera de la M\u00e9xico-Cuernavaca a Santa Martha Acatitla"},"content":{"rendered":"\n<p><br><br><br>La balacera en la M\u00e9xico-Cuernavaca se registr\u00f3 el martes pasado. Foto: Cuartoscuro<br><br><br>REDACCI\u00d3N\/VOCESVER.COM\/NOTICIAS<br><br>NACIONAL.-(CIUDAD DE M\u00c9XICO) A 14 DE JULIO 2022.- DE ACUERDO CON INFORMACI\u00d3N DE  REDACCI\u00d3N\/UNOTV&#8230;.. Los 14 detenidos en la balacera en la carretera federal M\u00e9xico-Cuernavaca fueron trasladados, en un fuerte dispositivo de seguridad, al penal de Santa Martha Acatitla, en la alcald\u00eda Iztapalapa, donde ser\u00e1n presentados ante un juez de control, para seguir su proceso judicial.<br><br><br>La balacera en la M\u00e9xico-Cuernavaca<br>El martes pasado se registr\u00f3 una balacera en la carretera M\u00e9xico-Cuernavaca, a la altura del kil\u00f3metro 28, en Topilejo, en la alcald\u00eda Tlalpan, Ciudad de M\u00e9xico (CDMX).<br><br>Se trat\u00f3 de un enfrentamiento, con armas largas, entre presuntos secuestradores y miembros de la Polic\u00eda capitalina, que arroj\u00f3, como saldo, cuatro polic\u00edas heridos, uno de gravedad, y 14 detenidos, algunos de los cuales proven\u00edan de Sinaloa.<br><br><br>Videos de la balacera en la carretera M\u00e9xico-Cuernavaca<br>En redes sociales, fueron compartidos diferentes videos, que dan cuenta del enfrentamiento en la carretera federal M\u00e9xico-Cuernavaca. Se escuchan las detonaciones de arma de fuego, en las inmediaciones del lugar en el que se registr\u00f3 el enfrentamiento:<br><br>#SDR_CDMX<br><br>Se registra ataque armando entre c\u00e9lula del Cartel de Los Rojos y elementos de @SSC_CDMX en el Km 28.5 de la carretera M\u00e9xico \u2013 Cuernavaca a la@altura de Topilejo<br><br>Uniformados piden desesperados refuerzos pic.twitter.com\/sb66fJ5Qkq<br><br>\u2014 Carlos Guzm\u00e1n Mart\u00edn (@asiesguzmanm) July 12, 2022<br>PRECAUCI\u00d3N: \u00a1Cerrada la carretera M\u00e9xico Cuernavaca en el km 28 por balacera, polic\u00edas @SSC_CDMX atienden la emergencia!<br><br>Param\u00e9dicos &#x1f691; atienden un polic\u00eda lesionado. &#x1f6a8; pic.twitter.com\/KL8OgLBMGy<br><br>\u2014 SUUMA Voluntarios &#x1f691; (@SUUMA_CDMX) July 12, 2022<br>M\u00e1s sobre la balacera en la M\u00e9xico- Cuernavaca<br>Los presuntos delincuentes ten\u00edan como casa de seguridad un restaurante abandonado, en cuyas inmediaciones se registr\u00f3 la balacera, que est\u00e1 al pie de la carretera M\u00e9xico-Cuernavaca. En este lugar, ten\u00edan retenidas a cuatro personas, aparentemente plagiadas:<br><br>Los hechos se derivaron de un operativo para liberar a personas reportadas como secuestradas en una casa de seguridad<br>Una denuncia ciudadana refiri\u00f3 el punto donde estaban las personas privadas de la libertad<br>Se descarta que las personas detenidas sean de origen extranjero<br>Uno de los polic\u00edas que resultaron heridos fuer reportado como grave<br>Al lugar, arribaron 150 elementos de seguridad<br>Sobrevolaron la zona tres helic\u00f3pteros; descartan que hayan sido impactados por balas<br><br><br>INF. DE REDACCI\u00d3N\/UNOTV&#8230;..<br><br><br><br><br><br><br><br><br><br><br><br><br><br><br><br><br><br><br><br><br><br><br><br><br><br><br><br><br><br><br><br><br><\/p>\n","protected":false},"excerpt":{"rendered":"<p>La balacera en la M\u00e9xico-Cuernavaca se registr\u00f3 el martes pasado. Foto: Cuartoscuro REDACCI\u00d3N\/VOCESVER.COM\/NOTICIAS NACIONAL.-(CIUDAD DE M\u00c9XICO) A 14 DE JULIO<\/p>\n","protected":false},"author":2,"featured_media":36074,"comment_status":"open","ping_status":"open","sticky":false,"template":"","format":"standard","meta":{"colormag_page_container_layout":"default_layout","colormag_page_sidebar_layout":"default_layout","footnotes":""},"categories":[5],"tags":[],"class_list":["post-36067","post","type-post","status-publish","format-standard","has-post-thumbnail","hentry","category-nacional"],"_links":{"self":[{"href":"http:\/\/vocesver.com\/noticias\/wp-json\/wp\/v2\/posts\/36067","targetHints":{"allow":["GET"]}}],"collection":[{"href":"http:\/\/vocesver.com\/noticias\/wp-json\/wp\/v2\/posts"}],"about":[{"href":"http:\/\/vocesver.com\/noticias\/wp-json\/wp\/v2\/types\/post"}],"author":[{"embeddable":true,"href":"http:\/\/vocesver.com\/noticias\/wp-json\/wp\/v2\/users\/2"}],"replies":[{"embeddable":true,"href":"http:\/\/vocesver.com\/noticias\/wp-json\/wp\/v2\/comments?post=36067"}],"version-history":[{"count":2,"href":"http:\/\/vocesver.com\/noticias\/wp-json\/wp\/v2\/posts\/36067\/revisions"}],"predecessor-version":[{"id":36075,"href":"http:\/\/vocesver.com\/noticias\/wp-json\/wp\/v2\/posts\/36067\/revisions\/36075"}],"wp:featuredmedia":[{"embeddable":true,"href":"http:\/\/vocesver.com\/noticias\/wp-json\/wp\/v2\/media\/36074"}],"wp:attachment":[{"href":"http:\/\/vocesver.com\/noticias\/wp-json\/wp\/v2\/media?parent=36067"}],"wp:term":[{"taxonomy":"category","embeddable":true,"href":"http:\/\/vocesver.com\/noticias\/wp-json\/wp\/v2\/categories?post=36067"},{"taxonomy":"post_tag","embeddable":true,"href":"http:\/\/vocesver.com\/noticias\/wp-json\/wp\/v2\/tags?post=36067"}],"curies":[{"name":"wp","href":"https:\/\/api.w.org\/{rel}","templated":true}]}}