{"id":36063,"date":"2022-07-14T22:17:31","date_gmt":"2022-07-14T22:17:31","guid":{"rendered":"http:\/\/vocesver.com\/noticias\/?p=36063"},"modified":"2022-07-14T22:20:24","modified_gmt":"2022-07-14T22:20:24","slug":"morena-saldra-mas-unido-y-fortalecido-de-su-proceso-interno-esteban-ramirez-zepeta","status":"publish","type":"post","link":"http:\/\/vocesver.com\/noticias\/morena-saldra-mas-unido-y-fortalecido-de-su-proceso-interno-esteban-ramirez-zepeta\/","title":{"rendered":"\u201cMorena saldr\u00e1 m\u00e1s unido y fortalecido de su proceso interno\u201d: Esteban Ram\u00edrez Zepeta"},"content":{"rendered":"\n<p><strong>\u201cMorena saldr\u00e1 m\u00e1s unido y fortalecido de su proceso interno\u201d: Esteban Ram\u00edrez Zepeta<\/strong><br><em>\u201cEl partido seguir\u00e1 no s\u00f3lo ganando, sino arrasando en las elecciones, como lo ha hecho con la actual dirigencia\u201d<\/em>, se\u00f1ala.<br><br><br>AUSENCIO RIVERA\/VOCESVER.COM\/NOTICIAS<br><br>Xalapa, Ver., a 14 de julio del 2022.<br>El delegado estatal de Morena en funciones de presidente, Esteban Ram\u00edrez Zepeta, se\u00f1al\u00f3 que el partido saldr\u00e1 m\u00e1s unido y fortalecido del proceso interno por el que atraviesa, y a trav\u00e9s del cual se va a renovar tanto el Consejo, como el Comit\u00e9 Ejecutivo Estatal.<br><br>\u201cNo tengo duda que nuestro movimiento, nuestro partido, saldr\u00e1 unido y fortalecido de este proceso interno que refleja el dinamismo, y lo vivo que se encuentra Morena no solo en Veracruz, sino tambi\u00e9n a nivel nacional\u201d, afirm\u00f3.<br><br>En entrevista, dijo tambi\u00e9n que \u201cen nuestro partido hay democracia y hay libertad para que cualquier militante aspire a lo que quiera. Aqu\u00ed hay democracia, uni\u00f3n y organizaci\u00f3n\u201d, insisti\u00f3.<br><br>Asimismo, consider\u00f3 que junto con la militancia y simpatizantes que conforman el partido y el movimiento, sabr\u00e1n llevar este proceso por buen camino, como lo ha venido haciendo desde 2021.<br><br>\u201cSomos el partido que cuenta con una amplia confianza de los veracruzanos, por lo que no solo hemos ganado, sino arrasado en las elecciones que hemos enfrentado, y esperemos que as\u00ed contin\u00fae\u201d, concluy\u00f3.<br><br><br><br><br><br><br><br><br><br><br><br><br><br><br><br><br><br><br><br><br><br><br><br><br><br><br><br><br><br><br><br><br><br><\/p>\n","protected":false},"excerpt":{"rendered":"<p>\u201cMorena saldr\u00e1 m\u00e1s unido y fortalecido de su proceso interno\u201d: Esteban Ram\u00edrez Zepeta\u201cEl partido seguir\u00e1 no s\u00f3lo ganando, sino arrasando<\/p>\n","protected":false},"author":2,"featured_media":36071,"comment_status":"open","ping_status":"open","sticky":false,"template":"","format":"standard","meta":{"colormag_page_container_layout":"default_layout","colormag_page_sidebar_layout":"default_layout","footnotes":""},"categories":[2],"tags":[],"class_list":["post-36063","post","type-post","status-publish","format-standard","has-post-thumbnail","hentry","category-infogral"],"_links":{"self":[{"href":"http:\/\/vocesver.com\/noticias\/wp-json\/wp\/v2\/posts\/36063","targetHints":{"allow":["GET"]}}],"collection":[{"href":"http:\/\/vocesver.com\/noticias\/wp-json\/wp\/v2\/posts"}],"about":[{"href":"http:\/\/vocesver.com\/noticias\/wp-json\/wp\/v2\/types\/post"}],"author":[{"embeddable":true,"href":"http:\/\/vocesver.com\/noticias\/wp-json\/wp\/v2\/users\/2"}],"replies":[{"embeddable":true,"href":"http:\/\/vocesver.com\/noticias\/wp-json\/wp\/v2\/comments?post=36063"}],"version-history":[{"count":3,"href":"http:\/\/vocesver.com\/noticias\/wp-json\/wp\/v2\/posts\/36063\/revisions"}],"predecessor-version":[{"id":36070,"href":"http:\/\/vocesver.com\/noticias\/wp-json\/wp\/v2\/posts\/36063\/revisions\/36070"}],"wp:featuredmedia":[{"embeddable":true,"href":"http:\/\/vocesver.com\/noticias\/wp-json\/wp\/v2\/media\/36071"}],"wp:attachment":[{"href":"http:\/\/vocesver.com\/noticias\/wp-json\/wp\/v2\/media?parent=36063"}],"wp:term":[{"taxonomy":"category","embeddable":true,"href":"http:\/\/vocesver.com\/noticias\/wp-json\/wp\/v2\/categories?post=36063"},{"taxonomy":"post_tag","embeddable":true,"href":"http:\/\/vocesver.com\/noticias\/wp-json\/wp\/v2\/tags?post=36063"}],"curies":[{"name":"wp","href":"https:\/\/api.w.org\/{rel}","templated":true}]}}