{"id":36048,"date":"2022-07-13T20:53:03","date_gmt":"2022-07-13T20:53:03","guid":{"rendered":"http:\/\/vocesver.com\/noticias\/?p=36048"},"modified":"2022-07-13T20:53:51","modified_gmt":"2022-07-13T20:53:51","slug":"para-apoyar-a-migrantes-mexico-y-eu-acuerdan-realizar-inversion-en-infraestructura-fronteriza","status":"publish","type":"post","link":"http:\/\/vocesver.com\/noticias\/para-apoyar-a-migrantes-mexico-y-eu-acuerdan-realizar-inversion-en-infraestructura-fronteriza\/","title":{"rendered":"Para apoyar a migrantes, M\u00e9xico y EU acuerdan realizar inversi\u00f3n en infraestructura fronteriza"},"content":{"rendered":"\n<p><br>Se invertir\u00e1 en infraestructura fronteriza. Foto: Shutterstock<br><br>REDACCI\u00d3N\/VOCESVER.COM7NOTICIAS<br><br>NACIONAL.- A  13 DE JULIO 2022.- DE ACUERDO A INFORMACI\u00d3N DE REDACCII\u00d3N\/AGENCIAS&#8230;&#8230;El presidente Andr\u00e9s Manuel L\u00f3pez Obrador y su hom\u00f3logo estadounidense, Joe Biden, acordaron realizar una inversi\u00f3n en la frontera com\u00fan, el cual se usar\u00e1 para infraestructura fronteriza.<br><br><br>A trav\u00e9s de un comunicado conjunto entre M\u00e9xico y Estados Unidos (EU), se inform\u00f3 que \u201cel esfuerzo conjunto alinear\u00e1 las prioridades, unir\u00e1 a las comunidades fronterizas y har\u00e1 que el flujo comercial y de personas sea m\u00e1s seguro y eficiente\u201d.<br><br>La Ley Bipartidista de Infraestructura del presidente Biden incluye 3.4 mil millones de d\u00f3lares para llevar a cabo 26 proyectos de construcci\u00f3n y modernizaci\u00f3n de puertos de entrada terrestres en la frontera norte y sur.<br><br><br>Mientras que M\u00e9xico se comprometi\u00f3 a invertir mil 500 millones de d\u00f3lares en infraestructura fronteriza entre 2022 y 2024.<br><br><br>Comunicado conjunto entre el presidente L\u00f3pez Obrador y el presidente Biden.https:\/\/t.co\/gA0XDilWBE pic.twitter.com\/1uUZBzd0JK<br><br>\u2014 Gobierno de M\u00e9xico (@GobiernoMX) July 13, 2022<br>Asimismo, se indic\u00f3 que el pr\u00f3ximo Di\u00e1logo Econ\u00f3mico de Alto Nivel (DEAN), el cual se llevar\u00e1 a cabo en septiembre, \u201cse enfocar\u00e1 en fortalecer mecanismos para crear corredores comerciales m\u00e1s seguros y eficientes, fomentar un entorno que promueva la inversi\u00f3n para generar m\u00e1s y mejores empleos para nuestra gente en ambos pa\u00edses\u201d.<br><br><br>M\u00e9xico y EU realizan acuerdo conjunto<br>Por otro lado, se acord\u00f3 que para enfrentar los desaf\u00edos del cambio clim\u00e1tico se decidi\u00f3 promover un clima de negocios que promueva una Am\u00e9rica del Norte m\u00e1s verde y limpia, reconociendo la importancia de invertir en y promover fuentes de energ\u00eda renovables.<br><br>Nos comprometemos a abordar las emisiones de metano, del gas y petr\u00f3leo y otros sectores, acelerar la transici\u00f3n a veh\u00edculos de cero emisiones y profundizar nuestros esfuerzos para buscar soluciones basadas en la naturaleza, permitiendo que nuestros dos pa\u00edses se conviertan en l\u00edderes mundiales en energ\u00edas limpias y acciones para combatir el cambio clim\u00e1tico, agrega el comunicado.<br><br><br><br><br>INF. DE REDACCI\u00d3N\/AGENCIAS<br><br><br><br><br><br><br><br><br><br><br><br><br><br><br><br><br><br><br><br><br><br><br><br><br><br><br><br><br><br><\/p>\n","protected":false},"excerpt":{"rendered":"<p>Se invertir\u00e1 en infraestructura fronteriza. Foto: Shutterstock REDACCI\u00d3N\/VOCESVER.COM7NOTICIAS NACIONAL.- A 13 DE JULIO 2022.- DE ACUERDO A INFORMACI\u00d3N DE REDACCII\u00d3N\/AGENCIAS&#8230;&#8230;El<\/p>\n","protected":false},"author":2,"featured_media":36054,"comment_status":"open","ping_status":"open","sticky":false,"template":"","format":"standard","meta":{"colormag_page_container_layout":"default_layout","colormag_page_sidebar_layout":"default_layout","footnotes":""},"categories":[5],"tags":[],"class_list":["post-36048","post","type-post","status-publish","format-standard","has-post-thumbnail","hentry","category-nacional"],"_links":{"self":[{"href":"http:\/\/vocesver.com\/noticias\/wp-json\/wp\/v2\/posts\/36048","targetHints":{"allow":["GET"]}}],"collection":[{"href":"http:\/\/vocesver.com\/noticias\/wp-json\/wp\/v2\/posts"}],"about":[{"href":"http:\/\/vocesver.com\/noticias\/wp-json\/wp\/v2\/types\/post"}],"author":[{"embeddable":true,"href":"http:\/\/vocesver.com\/noticias\/wp-json\/wp\/v2\/users\/2"}],"replies":[{"embeddable":true,"href":"http:\/\/vocesver.com\/noticias\/wp-json\/wp\/v2\/comments?post=36048"}],"version-history":[{"count":3,"href":"http:\/\/vocesver.com\/noticias\/wp-json\/wp\/v2\/posts\/36048\/revisions"}],"predecessor-version":[{"id":36056,"href":"http:\/\/vocesver.com\/noticias\/wp-json\/wp\/v2\/posts\/36048\/revisions\/36056"}],"wp:featuredmedia":[{"embeddable":true,"href":"http:\/\/vocesver.com\/noticias\/wp-json\/wp\/v2\/media\/36054"}],"wp:attachment":[{"href":"http:\/\/vocesver.com\/noticias\/wp-json\/wp\/v2\/media?parent=36048"}],"wp:term":[{"taxonomy":"category","embeddable":true,"href":"http:\/\/vocesver.com\/noticias\/wp-json\/wp\/v2\/categories?post=36048"},{"taxonomy":"post_tag","embeddable":true,"href":"http:\/\/vocesver.com\/noticias\/wp-json\/wp\/v2\/tags?post=36048"}],"curies":[{"name":"wp","href":"https:\/\/api.w.org\/{rel}","templated":true}]}}