{"id":36040,"date":"2022-07-13T20:33:20","date_gmt":"2022-07-13T20:33:20","guid":{"rendered":"http:\/\/vocesver.com\/noticias\/?p=36040"},"modified":"2022-07-13T20:33:22","modified_gmt":"2022-07-13T20:33:22","slug":"era-partidario-de-la-no-violencia-amlo-visita-monumento-a-martin-luther-king-y-da-este-mensaje","status":"publish","type":"post","link":"http:\/\/vocesver.com\/noticias\/era-partidario-de-la-no-violencia-amlo-visita-monumento-a-martin-luther-king-y-da-este-mensaje\/","title":{"rendered":"\u201cEra partidario de la no violencia\u201d: AMLO visita monumento a Martin Luther King y da este mensaje"},"content":{"rendered":"\n<p><br>El presidente L\u00f3pez Obrador dio un breve mensaje al pie del monumento a Martin Luther King. Foto: @lopezobrador_<br><br><br><br>REDACCI\u00d3N\/VOCESVER.COM<br><br><br>INTRNACIONAL.- A 13 DE JULIO 2022.- DE ACUERDO CON INFORMACI\u00d3N  DE REDACCI\u00d3N\/UNOTV&#8230;&#8230;  El presidente Andr\u00e9s Manuel L\u00f3pez Obrador (AMLO) aprovech\u00f3 su visita a Washington, Estados Unidos, donde se reuni\u00f3 con su hom\u00f3logo, Joe Biden, en la Casa Blanca, para ir al monumento a Martin Luther King. Acompa\u00f1ado con familiares del luchador social, que pugn\u00f3 por los derechos civiles para los afroestadounidenses, dio un mensaje a connacionales mexicanos y algunos estadounidenses que se reunieron para saludarlo.<br><br><br>\u201c\u00c9l es partidario, como el principal luchador social que ha existido en la Tierra, \u00e9l es partidario de la no violencia, como lo fue Gandhi en su momento y lo fue Mandela, y lo fue Martin Luther King\u201d.<br><br>L\u00f3pez Obrador en visita al monumento a Martin Luther King<br>No estaba programado que habl\u00e1ramos de nuevo, pero fue muy emocionante visitar el memorial del presidente Roosevelt y el monumento al doctor Martin Luther King, m\u00e1rtir y h\u00e9roe de la igualdad, de la no violencia y de los derechos civiles.https:\/\/t.co\/NCHueRcRfc pic.twitter.com\/2KqlK9zjvy<br><br>\u2014 Andr\u00e9s Manuel (@lopezobrador_) July 12, 2022<br>\u00bfQu\u00e9 dijo L\u00f3pez Obrador en su visita al monumento a Martin Luther King?<br>En un video, que subi\u00f3 a redes sociales el presidente L\u00f3pez Obrador, se ve al mandatario decir un peque\u00f1o discurso a los connacionales mexicanos que se acercaron para saludarlo.<br><br>Resguardado por un cerco de seguridad de la polic\u00eda local, AMLO record\u00f3 la historia entre las dos naciones, M\u00e9xico y Estados Unidos.<br><br><br>Asegur\u00f3 que \u201cno todo lo que tiene que ver con Estados Unidos ha sido agravio\u201d y explic\u00f3 que algunos presidentes de la Uni\u00f3n Americana tuvieron relaciones de amistad y respeto con los gobiernos de M\u00e9xico, encabezados, por ejemplo, por los expresidentes Benito Ju\u00e1rez y Vicente Guerrero.<br><br><br>El presidente mexicano dijo que los expresidentes Abraham Lincoln y Franklin D. Roosevelt mostraron una relaci\u00f3n respetuosa con los gobiernos de M\u00e9xico y con otros pa\u00edses de Am\u00e9rica Latina.<br><br><br>\u201cAbraham Lincoln se herman\u00f3 con el mejor presidente de nuestro pa\u00eds, Benito Ju\u00e1rez, y cuando nos invadieron los europeos, franceses, Lincoln no reconoci\u00f3 a Maximiliano y siempre estuvo a favor de nuestra Rep\u00fablica (\u2026) cuando fue presidente Roosvelt hubo una buena relaci\u00f3n con el presidente L\u00e1zaro C\u00e1rdenas (luego de recuperar y defender el petr\u00f3leo mexicano)\u201d.<br><br>L\u00f3pez Obrador.<br>Destaca lucha de Martin Luther King<br>Tambi\u00e9n reconoci\u00f3 y aplaudi\u00f3 la lucha de Martin Luther King, quien, dijo, estaba a la altura de otros l\u00edderes mundiales y luchadores sociales, como Mahatma Gandhi y Nelson Mandela.<br><br>\u201cEstamos aqu\u00ed, frente al monumento de un gran luchador de los derechos civiles, Martin Luther King, porque lo admiramos, \u00e9l es seguidor, si lo analizamos, de una doctrina que se resume en una frase: el amor al pr\u00f3jimo, \u00e9l es partidario de la no violencia, como lo fue Gandhi, y lo fue Mandela (\u2026) la ense\u00f1anza que deja es que s\u00ed se puede una transformaci\u00f3n para vivir mejor, para que haya justicia, para que no haya discriminaci\u00f3n, ni racismos\u201d.<br><br>Presidente L\u00f3pez Obrador.<br>Mientras el presidente daba su discurso, algunas personas lo interrump\u00edan, para reconocerle su trabajo al frente del Gobierno de M\u00e9xico.<br><br><br>INF. DE REDACCI\u00d3N\/UNOTV&#8230;.<br><br><br><br><br><br><br><br><br><br><br><br><br><br><br><br><br><br><br><br><br><br><br><br><br><br><br><br><br><br><br><br><br><br><\/p>\n","protected":false},"excerpt":{"rendered":"<p>El presidente L\u00f3pez Obrador dio un breve mensaje al pie del monumento a Martin Luther King. Foto: @lopezobrador_ REDACCI\u00d3N\/VOCESVER.COM INTRNACIONAL.-<\/p>\n","protected":false},"author":2,"featured_media":36045,"comment_status":"open","ping_status":"open","sticky":false,"template":"","format":"standard","meta":{"colormag_page_container_layout":"default_layout","colormag_page_sidebar_layout":"default_layout","footnotes":""},"categories":[6],"tags":[],"class_list":["post-36040","post","type-post","status-publish","format-standard","has-post-thumbnail","hentry","category-internacional"],"_links":{"self":[{"href":"http:\/\/vocesver.com\/noticias\/wp-json\/wp\/v2\/posts\/36040","targetHints":{"allow":["GET"]}}],"collection":[{"href":"http:\/\/vocesver.com\/noticias\/wp-json\/wp\/v2\/posts"}],"about":[{"href":"http:\/\/vocesver.com\/noticias\/wp-json\/wp\/v2\/types\/post"}],"author":[{"embeddable":true,"href":"http:\/\/vocesver.com\/noticias\/wp-json\/wp\/v2\/users\/2"}],"replies":[{"embeddable":true,"href":"http:\/\/vocesver.com\/noticias\/wp-json\/wp\/v2\/comments?post=36040"}],"version-history":[{"count":2,"href":"http:\/\/vocesver.com\/noticias\/wp-json\/wp\/v2\/posts\/36040\/revisions"}],"predecessor-version":[{"id":36046,"href":"http:\/\/vocesver.com\/noticias\/wp-json\/wp\/v2\/posts\/36040\/revisions\/36046"}],"wp:featuredmedia":[{"embeddable":true,"href":"http:\/\/vocesver.com\/noticias\/wp-json\/wp\/v2\/media\/36045"}],"wp:attachment":[{"href":"http:\/\/vocesver.com\/noticias\/wp-json\/wp\/v2\/media?parent=36040"}],"wp:term":[{"taxonomy":"category","embeddable":true,"href":"http:\/\/vocesver.com\/noticias\/wp-json\/wp\/v2\/categories?post=36040"},{"taxonomy":"post_tag","embeddable":true,"href":"http:\/\/vocesver.com\/noticias\/wp-json\/wp\/v2\/tags?post=36040"}],"curies":[{"name":"wp","href":"https:\/\/api.w.org\/{rel}","templated":true}]}}