{"id":36032,"date":"2022-07-12T21:25:38","date_gmt":"2022-07-12T21:25:38","guid":{"rendered":"http:\/\/vocesver.com\/noticias\/?p=36032"},"modified":"2022-07-12T21:27:16","modified_gmt":"2022-07-12T21:27:16","slug":"es-una-mujer-con-principios-amlo-se-reune-con-kamala-harris-vicepresidenta-de-eu","status":"publish","type":"post","link":"http:\/\/vocesver.com\/noticias\/es-una-mujer-con-principios-amlo-se-reune-con-kamala-harris-vicepresidenta-de-eu\/","title":{"rendered":"\u201cEs una mujer con principios\u201d, AMLO se re\u00fane con Kamala Harris, vicepresidenta de EU"},"content":{"rendered":"\n<p><br>La vicepresidenta Kamala Harris dio la bienvenida al presidente L\u00f3pez Obrador y expres\u00f3 su confianza. Foto: Especial<br><br><br><br>REDACCI\u00d3N\/VOCESVER.COM\/NOTICIAS<br><br><br><br>NACIONAL.- A 12 DE JULIO 20222,. DE acuerdo con informaci\u00f3n Redacci\u00f3n | Washington, DC | Agencias&#8230;&#8230;<br>El presidente de M\u00e9xico, Andr\u00e9s Manuel L\u00f3pez Obrador (AMLO), fue recibido la ma\u00f1ana de este martes por la vicepresidenta de Estados Unidos, Kamala Harris, como parte de su gira en el pa\u00eds vecino.<br><br><br>\u201cVamos a proponer dos cosas: una que se ordene el flujo migratorio para que nuestros migrantes no sufran, no se violen los derechos humanos, eso es lo primero; que sea flujo migratorio ordenado. Lo segundo es que los que ya est\u00e1n aqu\u00ed y llevan a\u00f1os trabajando honradamente se les reconozca su derecho\u201d.<br><br>Andr\u00e9s Manuel L\u00f3pez Obrador, presidente de M\u00e9xico<br>Visita Oficial a los Estados Unidos de Am\u00e9rica. Arribo al desayuno de Trabajo con la Vicepresidenta Kamala Harris. https:\/\/t.co\/Jy7gk9tPvO<br><br>\u2014 Gobierno de M\u00e9xico (@GobiernoMX) July 12, 2022<br>El presidente Andr\u00e9s Manuel L\u00f3pez Obrador arrib\u00f3 esta ma\u00f1ana a la Casa Blanca para iniciar la agenda de actividades con motivo de la visita oficial a los Estados Unidos de Am\u00e9rica.<br><br>\u201cSiempre hemos conversado en beneficio de nuestros pueblos y de nuestras dos naciones. Y ahora vamos a hacer lo mismo\u201d, a\u00f1adi\u00f3.<br><br><br>AMLO se re\u00fane con la vicepresidenta Kamala Harris<br>La funcionaria estadounidense recibi\u00f3 a L\u00f3pez Obrador en su residencia oficial, donde agradeci\u00f3 su presencia y lo llam\u00f3 su amigo.<br><br><br>\u201cEs un gran honor recibirlo en mi casa. El tiempo que pas\u00e9 con usted en M\u00e9xico fue muy especial para m\u00ed\u201d.<br><br>Kamala Harris<br><br>AMLO se re\u00fane con Kamala Harris, vicepresidenta de EU<br>Foto: Especial<br><br>AMLO se re\u00fane con Kamala Harris, vicepresidenta de EU<br>Foto: Tomada de video<br>En tanto, el presidente de M\u00e9xico se\u00f1al\u00f3 que ella \u201ces nuestra amiga y adem\u00e1s es una mujer con principios, inteligente, honesta, partidaria de igualdad, de modo que felicito al pueblo estadounidense porque cuentan con una vicepresidenta de primer orden. Siempre hemos conversado en beneficio de nuestros pueblos y ahora vamos a hacer lo mismo\u201d, dijo. <br><br><br>El mandatario mexicano desayunar\u00e1 este martes con la vicepresidenta antes de reunirse con Joe Biden, y por la tarde visitar\u00e1 los monumentos a Martin Luther King y al presidente Franklin Delano Roosevelt (1933-1945). <br><br><br>AMLO se re\u00fane con Kamala Harris, vicepresidenta de EU<br>Foto: Especial<br>Agenda de AMLO en Washington<br>Lunes 11 de julio: viaja a Washington<br>Martes 12 de julio: sostiene encuentro con su hom\u00f3logo Joe Biden y con vicepresidenta Kamala Harris<br>Martes 12 de julio: posterior a su reuni\u00f3n con Joe Biden, encabeza ceremonia en monumentos a Franklin D. Roosevelt y Martin Luther King<br>Mi\u00e9rcoles 13 de julio: AMLO y Joe Biden presiden encuentro con empresarios de ambos pa\u00edses<br><br><br><br><br><br>Informaci\u00f3n \/Redacci\u00f3n | Washington, DC | Agencias&#8230;&#8230;<br><br><br><br><br><br><br><br><br><br><br><br><br><br><br><br><br><br><br><br><br><br><br><br><br><br><br><br><br><\/p>\n","protected":false},"excerpt":{"rendered":"<p>La vicepresidenta Kamala Harris dio la bienvenida al presidente L\u00f3pez Obrador y expres\u00f3 su confianza. Foto: Especial REDACCI\u00d3N\/VOCESVER.COM\/NOTICIAS NACIONAL.- A<\/p>\n","protected":false},"author":2,"featured_media":36038,"comment_status":"open","ping_status":"open","sticky":false,"template":"","format":"standard","meta":{"colormag_page_container_layout":"default_layout","colormag_page_sidebar_layout":"default_layout","footnotes":""},"categories":[5],"tags":[],"class_list":["post-36032","post","type-post","status-publish","format-standard","has-post-thumbnail","hentry","category-nacional"],"_links":{"self":[{"href":"http:\/\/vocesver.com\/noticias\/wp-json\/wp\/v2\/posts\/36032","targetHints":{"allow":["GET"]}}],"collection":[{"href":"http:\/\/vocesver.com\/noticias\/wp-json\/wp\/v2\/posts"}],"about":[{"href":"http:\/\/vocesver.com\/noticias\/wp-json\/wp\/v2\/types\/post"}],"author":[{"embeddable":true,"href":"http:\/\/vocesver.com\/noticias\/wp-json\/wp\/v2\/users\/2"}],"replies":[{"embeddable":true,"href":"http:\/\/vocesver.com\/noticias\/wp-json\/wp\/v2\/comments?post=36032"}],"version-history":[{"count":2,"href":"http:\/\/vocesver.com\/noticias\/wp-json\/wp\/v2\/posts\/36032\/revisions"}],"predecessor-version":[{"id":36037,"href":"http:\/\/vocesver.com\/noticias\/wp-json\/wp\/v2\/posts\/36032\/revisions\/36037"}],"wp:featuredmedia":[{"embeddable":true,"href":"http:\/\/vocesver.com\/noticias\/wp-json\/wp\/v2\/media\/36038"}],"wp:attachment":[{"href":"http:\/\/vocesver.com\/noticias\/wp-json\/wp\/v2\/media?parent=36032"}],"wp:term":[{"taxonomy":"category","embeddable":true,"href":"http:\/\/vocesver.com\/noticias\/wp-json\/wp\/v2\/categories?post=36032"},{"taxonomy":"post_tag","embeddable":true,"href":"http:\/\/vocesver.com\/noticias\/wp-json\/wp\/v2\/tags?post=36032"}],"curies":[{"name":"wp","href":"https:\/\/api.w.org\/{rel}","templated":true}]}}