{"id":36027,"date":"2022-07-12T21:15:27","date_gmt":"2022-07-12T21:15:27","guid":{"rendered":"http:\/\/vocesver.com\/noticias\/?p=36027"},"modified":"2022-07-12T21:17:09","modified_gmt":"2022-07-12T21:17:09","slug":"fuerte-balacera-en-la-mexico-cuernavaca-a-la-altura-de-topilejo-en-tlalpan-cdmx-ve-videos","status":"publish","type":"post","link":"http:\/\/vocesver.com\/noticias\/fuerte-balacera-en-la-mexico-cuernavaca-a-la-altura-de-topilejo-en-tlalpan-cdmx-ve-videos\/","title":{"rendered":"Fuerte balacera en la M\u00e9xico-Cuernavaca, a la altura de Topilejo, en Tlalpan, CDMX; ve videos"},"content":{"rendered":"\n<p><br><br><br><br><br><br>Se desata balacera en la M\u00e9xico-Cuernavaca. Foto: Captura de pantalla<br><br><br><br><br>REDACCI\u00d3N\/VOCESVER.COM\/NOTICIAS<br><br><br>NACIONAL.-CDMX).- A 12 DE JULIO 2022&#8230;. DE ACUERDO CON  INFORMACI\u00d3N DE REDACCI\u00d3N\/UNOTV&#8230;..Se registr\u00f3 una balacera en la carretera M\u00e9xico-Cuernavaca, a la altura del kil\u00f3metro 28, en la colonia San Andr\u00e9s Totoltepec, en la alcald\u00eda Tlalpan, Ciudad de M\u00e9xico (CDMX). Se trat\u00f3 de un enfrentamiento en Topilejo, con armas largas, entre presuntos narcomenudistas y miembros de la Polic\u00eda capitalina.<br><br>El intercambio de balas moviliz\u00f3 a los servicios de emergencia y dej\u00f3, al menos, dos polic\u00edas heridos y varios detenidos. Adem\u00e1s, fueron decomisadas armas largas y droga, inform\u00f3 Omar Garc\u00eda Harfuch, secretario de Seguridad Ciudadana capitalino.<br><br>Hace unos minutos hubo un enfrentamiento entre personal de @SSC_CDMX y delincuentes en Topilejo, tenemos detenidos y dos compa\u00f1eros heridos. Hay aseguradas armas largas y droga.Tenemos todav\u00eda compa\u00f1eros trabajando en el lugar, en un momento m\u00e1s informaremos.<br><br>\u2014 Omar Garcia Harfuch (@OHarfuch) July 12, 2022<br>Difunden videos de la balacera en la carretera M\u00e9xico-Cuernavaca<br>Al lugar, arribaron elementos de la Guardia Nacional<br>Las decenas de polic\u00edas peinaron la zona boscosa, en busca de m\u00e1s presuntos delincuentes<br>La balacera se registr\u00f3 en las inmediaciones de un restaurante abandonado, que fue resguardado por las autoridades<br>En redes sociales, se han compartido diferentes videos, que dan cuenta del enfrentamiento en la carretera federal M\u00e9xico-Cuernavaca. Se escuchan las detonaciones de arma de fuego, en las inmediaciones del lugar en el que se registr\u00f3 el enfrentamiento:<br><br><br>#SDR_CDMX<br><br>Se registra ataque armando entre c\u00e9lula del Cartel de Los Rojos y elementos de @SSC_CDMX en el Km 28.5 de la carretera M\u00e9xico \u2013 Cuernavaca a la@altura de Topilejo<br><br>Uniformados piden desesperados refuerzos pic.twitter.com\/sb66fJ5Qkq<br><br>\u2014 Carlos Guzm\u00e1n Mart\u00edn (@asiesguzmanm) July 12, 2022<br>https:\/\/twitter.com\/isidrocorro\/status\/1546945448879038464<br>PRECAUCI\u00d3N: \u00a1Cerrada la carretera M\u00e9xico Cuernavaca en el km 28 por balacera, polic\u00edas @SSC_CDMX atienden la emergencia!<br><br>Param\u00e9dicos &#x1f691; atienden un polic\u00eda lesionado. &#x1f6a8; pic.twitter.com\/KL8OgLBMGy<br><br>\u2014 SUUMA Voluntarios &#x1f691; (@SUUMA_CDMX) July 12, 2022<br>Se informar\u00e1 sobre los hechos: Clauidia Sheinbaum<br>Por su parte, la jefa de Gobierno de la Ciudad de M\u00e9xico, Claudia Sheinbaum, inform\u00f3 que se mantiene atenta al enfrentamiento entre civiles armados y polic\u00edas capitalinos que se registr\u00f3 en la M\u00e9xico-Cuernavaca.<br><br><br>La @SSC_CDMX estar\u00e1 informando sobre los hechos ocurridos en Topilejo, Tlalpan. Estamos al pendiente. https:\/\/t.co\/jxhObpKMat<br><br>\u2014 Claudia Sheinbaum (@Claudiashein) July 12, 2022<br>TE PODR\u00cdA INTERESAR:<br><br>As\u00ed traducen el t\u00edtulo de las pel\u00edculas en Espa\u00f1a, seg\u00fan TikTok<br>As\u00ed traducen el t\u00edtulo de las pel\u00edculas en Espa\u00f1a, seg\u00fan TikTok<br><br>INF. DE REDACCI\u00d3N\/uNOTV&#8230;.<br><br><br><br><br><br><br><br><br><br><br><br><br><br><br><br><br><br><br><br><br><br><br><br><br><br><br><br><br><br><br><br><br><\/p>\n","protected":false},"excerpt":{"rendered":"<p>Se desata balacera en la M\u00e9xico-Cuernavaca. Foto: Captura de pantalla REDACCI\u00d3N\/VOCESVER.COM\/NOTICIAS NACIONAL.-CDMX).- A 12 DE JULIO 2022&#8230;. DE ACUERDO CON<\/p>\n","protected":false},"author":2,"featured_media":36034,"comment_status":"open","ping_status":"open","sticky":false,"template":"","format":"standard","meta":{"colormag_page_container_layout":"default_layout","colormag_page_sidebar_layout":"default_layout","footnotes":""},"categories":[5],"tags":[],"class_list":["post-36027","post","type-post","status-publish","format-standard","has-post-thumbnail","hentry","category-nacional"],"_links":{"self":[{"href":"http:\/\/vocesver.com\/noticias\/wp-json\/wp\/v2\/posts\/36027","targetHints":{"allow":["GET"]}}],"collection":[{"href":"http:\/\/vocesver.com\/noticias\/wp-json\/wp\/v2\/posts"}],"about":[{"href":"http:\/\/vocesver.com\/noticias\/wp-json\/wp\/v2\/types\/post"}],"author":[{"embeddable":true,"href":"http:\/\/vocesver.com\/noticias\/wp-json\/wp\/v2\/users\/2"}],"replies":[{"embeddable":true,"href":"http:\/\/vocesver.com\/noticias\/wp-json\/wp\/v2\/comments?post=36027"}],"version-history":[{"count":2,"href":"http:\/\/vocesver.com\/noticias\/wp-json\/wp\/v2\/posts\/36027\/revisions"}],"predecessor-version":[{"id":36033,"href":"http:\/\/vocesver.com\/noticias\/wp-json\/wp\/v2\/posts\/36027\/revisions\/36033"}],"wp:featuredmedia":[{"embeddable":true,"href":"http:\/\/vocesver.com\/noticias\/wp-json\/wp\/v2\/media\/36034"}],"wp:attachment":[{"href":"http:\/\/vocesver.com\/noticias\/wp-json\/wp\/v2\/media?parent=36027"}],"wp:term":[{"taxonomy":"category","embeddable":true,"href":"http:\/\/vocesver.com\/noticias\/wp-json\/wp\/v2\/categories?post=36027"},{"taxonomy":"post_tag","embeddable":true,"href":"http:\/\/vocesver.com\/noticias\/wp-json\/wp\/v2\/tags?post=36027"}],"curies":[{"name":"wp","href":"https:\/\/api.w.org\/{rel}","templated":true}]}}