{"id":36019,"date":"2022-07-12T20:49:29","date_gmt":"2022-07-12T20:49:29","guid":{"rendered":"http:\/\/vocesver.com\/noticias\/?p=36019"},"modified":"2022-07-12T20:53:32","modified_gmt":"2022-07-12T20:53:32","slug":"mensaje-del-maestro-gilberto-farias-morales-presidente-del-colegio-nacional-de-abogados-penalistas-a-c-con-motivo-del-dia-del-abogado-2022","status":"publish","type":"post","link":"http:\/\/vocesver.com\/noticias\/mensaje-del-maestro-gilberto-farias-morales-presidente-del-colegio-nacional-de-abogados-penalistas-a-c-con-motivo-del-dia-del-abogado-2022\/","title":{"rendered":"Mensaje del Maestro Gilberto Farias Morales, Presidente del Colegio Nacional de Abogados Penalistas A.C., con motivo del d\u00eda del abogado 2022"},"content":{"rendered":"\n<p><br><br><br><br>\u00b0Tambi\u00e9n extern\u00f3 su preocupaci\u00f3n por la extrema violencia que impera en el pa\u00eds.<br>\u00b0Juntos debemos analizar el presente para proyectar el ma\u00f1ana.<br>\u00b0que se mejore el estado de derecho y tengamos una democracia que nos permita vivir en paz.<br><br>AUSENCIO RIVERA\/VOCESVER.COM\/NOTICIAS<br><br>TIJUANA.BC A 12 de Julio 2022.-En el marco de la celebraci\u00f3n del D\u00eda del Abogado, el Dr. Gilberto Faras Morales dio un emotivo mensaje, de entrada felicit\u00f3 a todos los abogados en su d\u00eda, al tiempo que reconoci\u00f3 es innegable que nuestro pa\u00eds atraviesa  por una extrema e imparable violencia con una desigualdad social ante la impunidad y actos de corrupci\u00f3n.<br>Textualmente dijo:Estimados amigos y amigas<br>Este 12 de julio gracias a Dios celebramos un d\u00eda m\u00e1s del d\u00eda del abogado, a nombre propio y del Colegio Nacional de abogados penalistas Muchas felicidades les deseo a todos ustedes<br>.M\u00e9xico vive los momentos m\u00e1s dif\u00edciles de la historia, juntos debemos analizar el presente para proyectar el ma\u00f1ana, Qu\u00e9 mejore el estado derecho y una democracia que nos permita vivir en paz y tener un mundo mejor, los abogados de M\u00e9xico tenemos un compromiso con el cumplimiento de la ley y la constituci\u00f3n, aprovecho esta oportunidad para hacer un llamado a la unidad y al fortalecimiento de nuestro gremio, para juntos con acad\u00e9micos, sociedad civil y gobierno coadyudemos para desterrar esos graves problemas qu\u00e9 hoy nos acosan.<br> Debemos fortalecer las instituciones p\u00fablicas y concretar esa unidad de los abogados en todo el pa\u00eds, estoy convencido qu\u00e9 la \u00fanica f\u00f3rmula para lograr la paz social que todos anhelamos es mediante el respeto a la ley y una aplicaci\u00f3n justa del derecho, solo as\u00ed podremos alcanzar ese M\u00e9xico seguro y de paz que Todos queremos. Muchas Felicidades fuerte abrazo.<br><br><br><br><br><br><br><br><br><br><br><br><br><br><br><br><br><br><br><br><br><br><br><br><br><br><br><br><br><br><br><br><br><br><br><br><br><br><br><br><\/p>\n","protected":false},"excerpt":{"rendered":"<p>\u00b0Tambi\u00e9n extern\u00f3 su preocupaci\u00f3n por la extrema violencia que impera en el pa\u00eds.\u00b0Juntos debemos analizar el presente para proyectar el<\/p>\n","protected":false},"author":2,"featured_media":36025,"comment_status":"open","ping_status":"open","sticky":false,"template":"","format":"standard","meta":{"colormag_page_container_layout":"default_layout","colormag_page_sidebar_layout":"default_layout","footnotes":""},"categories":[2],"tags":[],"class_list":["post-36019","post","type-post","status-publish","format-standard","has-post-thumbnail","hentry","category-infogral"],"_links":{"self":[{"href":"http:\/\/vocesver.com\/noticias\/wp-json\/wp\/v2\/posts\/36019","targetHints":{"allow":["GET"]}}],"collection":[{"href":"http:\/\/vocesver.com\/noticias\/wp-json\/wp\/v2\/posts"}],"about":[{"href":"http:\/\/vocesver.com\/noticias\/wp-json\/wp\/v2\/types\/post"}],"author":[{"embeddable":true,"href":"http:\/\/vocesver.com\/noticias\/wp-json\/wp\/v2\/users\/2"}],"replies":[{"embeddable":true,"href":"http:\/\/vocesver.com\/noticias\/wp-json\/wp\/v2\/comments?post=36019"}],"version-history":[{"count":2,"href":"http:\/\/vocesver.com\/noticias\/wp-json\/wp\/v2\/posts\/36019\/revisions"}],"predecessor-version":[{"id":36024,"href":"http:\/\/vocesver.com\/noticias\/wp-json\/wp\/v2\/posts\/36019\/revisions\/36024"}],"wp:featuredmedia":[{"embeddable":true,"href":"http:\/\/vocesver.com\/noticias\/wp-json\/wp\/v2\/media\/36025"}],"wp:attachment":[{"href":"http:\/\/vocesver.com\/noticias\/wp-json\/wp\/v2\/media?parent=36019"}],"wp:term":[{"taxonomy":"category","embeddable":true,"href":"http:\/\/vocesver.com\/noticias\/wp-json\/wp\/v2\/categories?post=36019"},{"taxonomy":"post_tag","embeddable":true,"href":"http:\/\/vocesver.com\/noticias\/wp-json\/wp\/v2\/tags?post=36019"}],"curies":[{"name":"wp","href":"https:\/\/api.w.org\/{rel}","templated":true}]}}