{"id":36015,"date":"2022-07-11T21:12:54","date_gmt":"2022-07-11T21:12:54","guid":{"rendered":"http:\/\/vocesver.com\/noticias\/?p=36015"},"modified":"2022-07-11T21:12:55","modified_gmt":"2022-07-11T21:12:55","slug":"gobernador-confirma-caso-de-viruela-del-mono-en-veracruz-ya-fue-erradicado","status":"publish","type":"post","link":"http:\/\/vocesver.com\/noticias\/gobernador-confirma-caso-de-viruela-del-mono-en-veracruz-ya-fue-erradicado\/","title":{"rendered":"Gobernador confirma caso de viruela del mono en Veracruz; ya fue erradicado"},"content":{"rendered":"\n<p><br>REDACCI\u00d3N\/VOCESVER.COM\/NOTICIAS<br><br><br>XALAPA,VER.- A 11 DE JULIO 2022.- El gobernador del estado, Cuitl\u00e1huac Garc\u00eda, confirm\u00f3 el primer caso de viruela del mono en Veracruz, registrado en el Hospital Espa\u00f1ol del puerto.<br><br>En conferencia de prensa, mencion\u00f3 que el masculino se contagi\u00f3 fuera de Veracruz, no hubo necesidad de ser hospitalizado y el caso fue tratado de manera correcta.<br><br>\u00abDecidi\u00f3 acudir a un hospital privado y el hospital sigui\u00f3 todos los protocolos, no hubo necesidad de hospitalizarlo, se trat\u00f3 el caso y de manera aislada se trat\u00f3 en su casa. Ya est\u00e1 erradicado, no hubo mayor problema y no contagi\u00f3 a m\u00e1s\u00bb, dijo.<br><br>Agreg\u00f3 que continuar\u00e1n atentos ante cualquier otro posible caso.-<br><br><br><br><br><br><br><br><br><br><br><br><br><br><br><br><br><br><br><br><br><br><br><br><br><br><br><br><br><br><br><br><br><br><br><\/p>\n","protected":false},"excerpt":{"rendered":"<p>REDACCI\u00d3N\/VOCESVER.COM\/NOTICIAS XALAPA,VER.- A 11 DE JULIO 2022.- El gobernador del estado, Cuitl\u00e1huac Garc\u00eda, confirm\u00f3 el primer caso de viruela del<\/p>\n","protected":false},"author":2,"featured_media":36020,"comment_status":"open","ping_status":"open","sticky":false,"template":"","format":"standard","meta":{"colormag_page_container_layout":"default_layout","colormag_page_sidebar_layout":"default_layout","footnotes":""},"categories":[4],"tags":[],"class_list":["post-36015","post","type-post","status-publish","format-standard","has-post-thumbnail","hentry","category-estatal"],"_links":{"self":[{"href":"http:\/\/vocesver.com\/noticias\/wp-json\/wp\/v2\/posts\/36015","targetHints":{"allow":["GET"]}}],"collection":[{"href":"http:\/\/vocesver.com\/noticias\/wp-json\/wp\/v2\/posts"}],"about":[{"href":"http:\/\/vocesver.com\/noticias\/wp-json\/wp\/v2\/types\/post"}],"author":[{"embeddable":true,"href":"http:\/\/vocesver.com\/noticias\/wp-json\/wp\/v2\/users\/2"}],"replies":[{"embeddable":true,"href":"http:\/\/vocesver.com\/noticias\/wp-json\/wp\/v2\/comments?post=36015"}],"version-history":[{"count":2,"href":"http:\/\/vocesver.com\/noticias\/wp-json\/wp\/v2\/posts\/36015\/revisions"}],"predecessor-version":[{"id":36021,"href":"http:\/\/vocesver.com\/noticias\/wp-json\/wp\/v2\/posts\/36015\/revisions\/36021"}],"wp:featuredmedia":[{"embeddable":true,"href":"http:\/\/vocesver.com\/noticias\/wp-json\/wp\/v2\/media\/36020"}],"wp:attachment":[{"href":"http:\/\/vocesver.com\/noticias\/wp-json\/wp\/v2\/media?parent=36015"}],"wp:term":[{"taxonomy":"category","embeddable":true,"href":"http:\/\/vocesver.com\/noticias\/wp-json\/wp\/v2\/categories?post=36015"},{"taxonomy":"post_tag","embeddable":true,"href":"http:\/\/vocesver.com\/noticias\/wp-json\/wp\/v2\/tags?post=36015"}],"curies":[{"name":"wp","href":"https:\/\/api.w.org\/{rel}","templated":true}]}}