{"id":36007,"date":"2022-07-11T20:44:28","date_gmt":"2022-07-11T20:44:28","guid":{"rendered":"http:\/\/vocesver.com\/noticias\/?p=36007"},"modified":"2022-07-11T20:44:29","modified_gmt":"2022-07-11T20:44:29","slug":"cuidado-por-infeccion-de-amiba-comecerebros-cierran-playa-de-iowa-en-eu","status":"publish","type":"post","link":"http:\/\/vocesver.com\/noticias\/cuidado-por-infeccion-de-amiba-comecerebros-cierran-playa-de-iowa-en-eu\/","title":{"rendered":"\u00a1Cuidado! Por infecci\u00f3n de amiba comecerebros, cierran playa de Iowa en EU"},"content":{"rendered":"\n<p>Puede sobrevivir tanto fuera como dentro del cuerpo humano. Foto: Shutterstock<br><br><br>REDACCI\u00d3N\/VOCESVER.COM\/NOTICIAS<br><br><br>INTERNACIONAL.- A  11 DE  JUNIO 2022.- DE ACUERDO CON INFORMACI\u00d3N DE REDACCI\u00d3N\/AGENCIAS&#8230;&#8230;La playa de Iowa en Lake of Three Fires, en el condado de Taylor, Estados Unidos, fue cerrada temporalmente luego de que una persona se infectara por una amiba comecerebros.<br><br>\u201cLas pruebas para confirmar la presencia de la amiba comecerebros en Lake of Three Fires se est\u00e1n realizando en conjunto con los Centros para el Control y la Prevenci\u00f3n de Enfermedades (CDC) y podr\u00edan demorar varios d\u00edas en completarse\u201d.<br><br>Departamento de Salud de Iowa.<br>De acuerdo con un comunicado compartido por el Departamento de Salud de Iowa, es una amiba unicelular microsc\u00f3pica de vida libre que puede causar una rara infecci\u00f3n del cerebro potencialmente mortal llamada meningoencefalitis amebiana primaria (MAP).<br><br>Desde 1962, s\u00f3lo se han identificado 154 casos conocidos en los Estados Unidos.<br><br><br>\u00bfQu\u00e9 es la amiba \u201ccome cerebros\u201d?<br>Es un ameboflagelado aer\u00f3bico de vida libre patog\u00e9nica t\u00edpica de aguas dulces templadas y estancadas como lagos, lagunas, estanques, piscinas, aguas termales y canales de riego.<br><br><br>De acuerdo con cient\u00edficos, es un par\u00e1sito facultativo, que puede sobrevivir tanto fuera como dentro del cuerpo humano, que puede producir la meningoencefalitis amebiana en los seres humanos, por lo cual se la conoce coloquialmente como amiba comecerebros.<br><br><br> Matilde Mineko Shibayama Salas, investigadora del Departamento de Infect\u00f3mica y Patog\u00e9nesis Molecular del Centro de Investigaci\u00f3n y de Estudios Avanzados (Cinvestav), dijo que en M\u00e9xico no existe un registro o seguimiento sobre los casos que se presentan.<br><br><br>Los Centros de Control y Prevenci\u00f3n de Enfermedades (CDC) de Estados Unidos  se\u00f1alan que \u201cuna vez que la amiba entra por la nariz, viaja a trav\u00e9s del cerebro y causa la condici\u00f3n denominada Primary Amebic Meningoencephalitis (PAM), que resulta casi siempre fatal\u201d.<br><br>\u00bfCu\u00e1les son sus s\u00edntomas?<br>El par\u00e1sito primero entra por la mucosa nasal, por lo que origina:<br><br>Congesti\u00f3n nasal<br>Fiebre<br>Focos hemorr\u00e1gicos<br>Necrosis<br>Puede luego irse situando en el sistema nervioso central y en poco tiempo provoca:<br><br>Dolor de cabeza<br>N\u00e1useas<br>V\u00f3mito<br>Alteraciones sensoriales<br>Posteriormente, sigue evolucionando hasta causar la muerte por paro card\u00edaco despu\u00e9s de unas 72 horas tras la aparici\u00f3n de los s\u00edntomas.<br><br><br><br><br>INF. DE REDACCI\u00d3N\/AGENCIAS<br><br><br><br><br><br><br><br><br><br><br><br><br><br><br><br><br><br><br><br><br><br><br><br><br><br><br><br><br><br><\/p>\n","protected":false},"excerpt":{"rendered":"<p>Puede sobrevivir tanto fuera como dentro del cuerpo humano. Foto: Shutterstock REDACCI\u00d3N\/VOCESVER.COM\/NOTICIAS INTERNACIONAL.- A 11 DE JUNIO 2022.- DE ACUERDO<\/p>\n","protected":false},"author":2,"featured_media":36012,"comment_status":"open","ping_status":"open","sticky":false,"template":"","format":"standard","meta":{"colormag_page_container_layout":"default_layout","colormag_page_sidebar_layout":"default_layout","footnotes":""},"categories":[6],"tags":[],"class_list":["post-36007","post","type-post","status-publish","format-standard","has-post-thumbnail","hentry","category-internacional"],"_links":{"self":[{"href":"http:\/\/vocesver.com\/noticias\/wp-json\/wp\/v2\/posts\/36007","targetHints":{"allow":["GET"]}}],"collection":[{"href":"http:\/\/vocesver.com\/noticias\/wp-json\/wp\/v2\/posts"}],"about":[{"href":"http:\/\/vocesver.com\/noticias\/wp-json\/wp\/v2\/types\/post"}],"author":[{"embeddable":true,"href":"http:\/\/vocesver.com\/noticias\/wp-json\/wp\/v2\/users\/2"}],"replies":[{"embeddable":true,"href":"http:\/\/vocesver.com\/noticias\/wp-json\/wp\/v2\/comments?post=36007"}],"version-history":[{"count":2,"href":"http:\/\/vocesver.com\/noticias\/wp-json\/wp\/v2\/posts\/36007\/revisions"}],"predecessor-version":[{"id":36013,"href":"http:\/\/vocesver.com\/noticias\/wp-json\/wp\/v2\/posts\/36007\/revisions\/36013"}],"wp:featuredmedia":[{"embeddable":true,"href":"http:\/\/vocesver.com\/noticias\/wp-json\/wp\/v2\/media\/36012"}],"wp:attachment":[{"href":"http:\/\/vocesver.com\/noticias\/wp-json\/wp\/v2\/media?parent=36007"}],"wp:term":[{"taxonomy":"category","embeddable":true,"href":"http:\/\/vocesver.com\/noticias\/wp-json\/wp\/v2\/categories?post=36007"},{"taxonomy":"post_tag","embeddable":true,"href":"http:\/\/vocesver.com\/noticias\/wp-json\/wp\/v2\/tags?post=36007"}],"curies":[{"name":"wp","href":"https:\/\/api.w.org\/{rel}","templated":true}]}}