{"id":36002,"date":"2022-07-11T20:29:01","date_gmt":"2022-07-11T20:29:01","guid":{"rendered":"http:\/\/vocesver.com\/noticias\/?p=36002"},"modified":"2022-07-11T20:30:24","modified_gmt":"2022-07-11T20:30:24","slug":"amlo-llega-a-washington-para-encuentro-con-biden-ve-su-agenda-de-trabajo","status":"publish","type":"post","link":"http:\/\/vocesver.com\/noticias\/amlo-llega-a-washington-para-encuentro-con-biden-ve-su-agenda-de-trabajo\/","title":{"rendered":"AMLO llega a Washington para encuentro con Biden; ve su agenda de trabajo"},"content":{"rendered":"\n<p><br><br>El presidente viaja a Washington, Estados Unidos. Foto: Beatriz Guti\u00e9rrez Muller<br><br><br>REDACCI\u00d3N\/VOCESVER.COM\/NOICIA<br><br><br><br>NACIONAL.- A 11 DE JULIO 2022,. DE ACUERDO CON INFOMACI\u00d3N DE REDACCI\u00d3N\/UNOTV,,,,,,<br>El presidente de M\u00e9xico, Andr\u00e9s Manuel L\u00f3pez Obrador (AMLO), acompa\u00f1ado de su esposa, Beatriz Guti\u00e9rrez Muller, lleg\u00f3 a Washington, donde sostendr\u00e1 una reuni\u00f3n con su hom\u00f3logo de Estados Unidos, Joe Biden, con quien tratar\u00e1 diferentes temas, como migraci\u00f3n, inflaci\u00f3n y seguridad.<br><br>\u201cEs una reuni\u00f3n para reafirmar nuestro compromiso de trabajar juntos en beneficio de nuestros pueblos. Ese es el prop\u00f3sito.\u201d<br><br>AMLO, en conferencia de prensa de 11 de julio de 2022<br>El vuelo del presidente L\u00f3pez Obrador sali\u00f3 del Aeropuerto Internacional de la Ciudad de M\u00e9xico (AICM). Al momento de abordar el avi\u00f3n, Beatriz Guti\u00e9rrez Muller inform\u00f3 que acompa\u00f1a al mandatario, quien representa a M\u00e9xico, \u201ccon orgullo y dignidad\u201d.<br><br><br><br>Agenda de AMLO en Washington<br>Lunes 11 de julio: viaja a Washington<br>Martes 12 de julio: sostiene encuentro con su hom\u00f3logo Joe Biden y con vicepresidenta Kamala Harris<br>Martes 12 de julio: posterior a su reuni\u00f3n con Joe Biden, encabeza ceremonia en monumentos a Franklin D. Roosevelt y Martin Luther King<br>Mi\u00e9rcoles 13 de julio: AMLO y Joe Biden presiden encuentro con empresarios<br>Informaci\u00f3n, en desarrollo\u2026<br><br><br><br><br><br><br><br>INF. DE REDACCI\u00d3N\/UNOTV&#8230;&#8230;<br><br><br><br><br><br><br><br><br><br><br><br><br><br><br><br><br><br><br><br><br><br><br><br><br><\/p>\n","protected":false},"excerpt":{"rendered":"<p>El presidente viaja a Washington, Estados Unidos. Foto: Beatriz Guti\u00e9rrez Muller REDACCI\u00d3N\/VOCESVER.COM\/NOICIA NACIONAL.- A 11 DE JULIO 2022,. DE ACUERDO<\/p>\n","protected":false},"author":2,"featured_media":36009,"comment_status":"open","ping_status":"open","sticky":false,"template":"","format":"standard","meta":{"colormag_page_container_layout":"default_layout","colormag_page_sidebar_layout":"default_layout","footnotes":""},"categories":[5],"tags":[],"class_list":["post-36002","post","type-post","status-publish","format-standard","has-post-thumbnail","hentry","category-nacional"],"_links":{"self":[{"href":"http:\/\/vocesver.com\/noticias\/wp-json\/wp\/v2\/posts\/36002","targetHints":{"allow":["GET"]}}],"collection":[{"href":"http:\/\/vocesver.com\/noticias\/wp-json\/wp\/v2\/posts"}],"about":[{"href":"http:\/\/vocesver.com\/noticias\/wp-json\/wp\/v2\/types\/post"}],"author":[{"embeddable":true,"href":"http:\/\/vocesver.com\/noticias\/wp-json\/wp\/v2\/users\/2"}],"replies":[{"embeddable":true,"href":"http:\/\/vocesver.com\/noticias\/wp-json\/wp\/v2\/comments?post=36002"}],"version-history":[{"count":2,"href":"http:\/\/vocesver.com\/noticias\/wp-json\/wp\/v2\/posts\/36002\/revisions"}],"predecessor-version":[{"id":36008,"href":"http:\/\/vocesver.com\/noticias\/wp-json\/wp\/v2\/posts\/36002\/revisions\/36008"}],"wp:featuredmedia":[{"embeddable":true,"href":"http:\/\/vocesver.com\/noticias\/wp-json\/wp\/v2\/media\/36009"}],"wp:attachment":[{"href":"http:\/\/vocesver.com\/noticias\/wp-json\/wp\/v2\/media?parent=36002"}],"wp:term":[{"taxonomy":"category","embeddable":true,"href":"http:\/\/vocesver.com\/noticias\/wp-json\/wp\/v2\/categories?post=36002"},{"taxonomy":"post_tag","embeddable":true,"href":"http:\/\/vocesver.com\/noticias\/wp-json\/wp\/v2\/tags?post=36002"}],"curies":[{"name":"wp","href":"https:\/\/api.w.org\/{rel}","templated":true}]}}