{"id":35994,"date":"2022-07-11T20:16:25","date_gmt":"2022-07-11T20:16:25","guid":{"rendered":"http:\/\/vocesver.com\/noticias\/?p=35994"},"modified":"2022-07-11T20:16:27","modified_gmt":"2022-07-11T20:16:27","slug":"poder-judicial-se-va-de-vacaciones-atendera-solo-casos-urgente","status":"publish","type":"post","link":"http:\/\/vocesver.com\/noticias\/poder-judicial-se-va-de-vacaciones-atendera-solo-casos-urgente\/","title":{"rendered":"Poder Judicial se va de vacaciones; atender\u00e1 solo casos urgente"},"content":{"rendered":"\n<p><br><br><br>REDACCI\u00d3N\/VOCESVER.COM\/NOTICIAS.- <br><br>Veracruz\/Ver.- a  11 de Junio 2022.- Este lunes inici\u00f3 el primer periodo vacacional de verano en el Poder Judicial de Veracruz y en el Tribunal Superior de Justicia (TSJ) est\u00e1 lista la Sala de Guardia para atender \u00fanicamente asuntos de car\u00e1cter urgente.<br><br>El Pleno del TSJ acord\u00f3 que la Sala de Guardia funcione del 11 al 29 de este mes de junio y est\u00e9 integrada por el magistrado Roberto Dorantes Romero, adscrito en la Primera Sala en Materia Penal, quien fungir\u00e1 como presidente.<br><br>La Sala de Guardia del TSJ s\u00f3lo atender\u00e1 asuntos de car\u00e1cter urgente y tendr\u00e1 facultades para interponer los recursos que sean procedentes conforme a la Ley de Amparo.<br><br>Los casos que podr\u00e1 atender la Sala de Guardia son los relacionados a desistimiento de la acci\u00f3n penal por parte de la Fiscal\u00eda General del Estado (FGE) cuando haya detenidos.<br><br>Demandas de amparo en materia penal y los que entra\u00f1en cumplimiento de ejecutorias en la misma materia que ordena la libertad de alguna persona y libertad caucional.<br><br><br><br><br><br><br><br><br><br><br><br><br><br><br><br><br><br><br><br><br><br><br><br><br><br><br><br><br><br><br><br><br><br><br><br><br><\/p>\n","protected":false},"excerpt":{"rendered":"<p>REDACCI\u00d3N\/VOCESVER.COM\/NOTICIAS.- Veracruz\/Ver.- a 11 de Junio 2022.- Este lunes inici\u00f3 el primer periodo vacacional de verano en el Poder Judicial<\/p>\n","protected":false},"author":2,"featured_media":35999,"comment_status":"open","ping_status":"open","sticky":false,"template":"","format":"standard","meta":{"colormag_page_container_layout":"default_layout","colormag_page_sidebar_layout":"default_layout","footnotes":""},"categories":[2],"tags":[],"class_list":["post-35994","post","type-post","status-publish","format-standard","has-post-thumbnail","hentry","category-infogral"],"_links":{"self":[{"href":"http:\/\/vocesver.com\/noticias\/wp-json\/wp\/v2\/posts\/35994","targetHints":{"allow":["GET"]}}],"collection":[{"href":"http:\/\/vocesver.com\/noticias\/wp-json\/wp\/v2\/posts"}],"about":[{"href":"http:\/\/vocesver.com\/noticias\/wp-json\/wp\/v2\/types\/post"}],"author":[{"embeddable":true,"href":"http:\/\/vocesver.com\/noticias\/wp-json\/wp\/v2\/users\/2"}],"replies":[{"embeddable":true,"href":"http:\/\/vocesver.com\/noticias\/wp-json\/wp\/v2\/comments?post=35994"}],"version-history":[{"count":2,"href":"http:\/\/vocesver.com\/noticias\/wp-json\/wp\/v2\/posts\/35994\/revisions"}],"predecessor-version":[{"id":36000,"href":"http:\/\/vocesver.com\/noticias\/wp-json\/wp\/v2\/posts\/35994\/revisions\/36000"}],"wp:featuredmedia":[{"embeddable":true,"href":"http:\/\/vocesver.com\/noticias\/wp-json\/wp\/v2\/media\/35999"}],"wp:attachment":[{"href":"http:\/\/vocesver.com\/noticias\/wp-json\/wp\/v2\/media?parent=35994"}],"wp:term":[{"taxonomy":"category","embeddable":true,"href":"http:\/\/vocesver.com\/noticias\/wp-json\/wp\/v2\/categories?post=35994"},{"taxonomy":"post_tag","embeddable":true,"href":"http:\/\/vocesver.com\/noticias\/wp-json\/wp\/v2\/tags?post=35994"}],"curies":[{"name":"wp","href":"https:\/\/api.w.org\/{rel}","templated":true}]}}