{"id":35988,"date":"2022-07-11T20:05:30","date_gmt":"2022-07-11T20:05:30","guid":{"rendered":"http:\/\/vocesver.com\/noticias\/?p=35988"},"modified":"2022-07-11T20:05:32","modified_gmt":"2022-07-11T20:05:32","slug":"el-alcalde-medellinense-inauguro-la-expo-emprende-juvenil-2022","status":"publish","type":"post","link":"http:\/\/vocesver.com\/noticias\/el-alcalde-medellinense-inauguro-la-expo-emprende-juvenil-2022\/","title":{"rendered":"El alcalde medellinense inaugur\u00f3 la Expo Emprende Juvenil 2022."},"content":{"rendered":"\n<p><br><br><br>REDACCI\u00d3N\/VOCESVER.COM\/NOTICIAS<br><br>Medell\u00edn de Bravo, Ver. 11 de julio del 2022.- Con el objetivo de apuntalar la econom\u00eda del municipio e incentivar a las nuevas generaciones para emprender sus propios negocios, el Alcalde Marcos Isle\u00f1o Andrade inaugur\u00f3 la Expo Emprende Juvenil 2022, cuyo evento fue realizado en el Centro Deportivo y Cultural de Puente Moreno.<br><br>Acompa\u00f1ado de ediles y directores, adem\u00e1s de la Coordinadora del Instituto Municipal de la Juventud, Gabriela Mej\u00eda, el mun\u00edcipe resalt\u00f3 la voluntad de su administraci\u00f3n para brindar atenci\u00f3n integral a los diferentes sectores sociales.<br><br>Y en esta ocasi\u00f3n, dijo, corresponde darle prioridad a los j\u00f3venes emprendedores, a quienes se les debe impulsar con programas de capacitaci\u00f3n y autoempleo que les permita proyectar un mejor futuro.<br><br>\u201cEs muy importante dar el apoyo a los j\u00f3venes, porque no s\u00f3lo se trata de educaci\u00f3n y de deporte, tambi\u00e9n el rubro econ\u00f3mico es muy importante. Ustedes son el futuro de nuestro municipio y nosotros como autoridad debemos respaldarlos y en esta ocasi\u00f3n coadyuvar en la proyecci\u00f3n de sus negocios\u201d, coment\u00f3.<br><br>En el marco de la ceremonia se llev\u00f3 a cabo un sorteo en donde tres j\u00f3venes emprendedoras obtuvieron de premio, un est\u00edmulo econ\u00f3mico de parte del gobierno que preside Marcos Isle\u00f1o Andrade.<br><br>En el evento se cont\u00f3 tambi\u00e9n con la presencia de Daniel Dehesa Ram\u00edrez, Jefe del departamento de Investigaci\u00f3n y Proyectos del Instituto Veracruzano de la Juventud quien en su intervenci\u00f3n dijo que es imperativo para los servidores p\u00fablicos del gobierno, generar las condiciones para que se pueda mejorar la econom\u00eda local a trav\u00e9s de proyectos como la Expo Emprende Juvenil.<br><br>Luego del corte de list\u00f3n inaugural, Isle\u00f1o Andrade acompa\u00f1ado de los Regidores, Karina del Carmen Arroniz Palavicini, David Alem\u00e1n Ocampo y Fernando Aguirre Arredondo realizaron un recorrido por los diferentes stands para conocer los emprendimientos de los j\u00f3venes medellinenses.<br><br>Los asistentes a la Expo tambi\u00e9n pudieron disfrutar el bloque cultural de bailes jarochos realizado por el ballet de la Universidad Crist\u00f3bal Col\u00f3n.<br><br>La mayor\u00eda de los stands instalados exhibieron alimentos y artesan\u00edas t\u00edpicas de la regi\u00f3n, as\u00ed como plantas naturales, servicios y productos de belleza y salud para las personas..<br><br><br><br><br><br><br><br><br><br><br><br><br><br><br><br><br><br><br><br><br><br><br><br><br><br><br><br><br><br><br><br><br><br><br><br><br><br><br><br><\/p>\n","protected":false},"excerpt":{"rendered":"<p>REDACCI\u00d3N\/VOCESVER.COM\/NOTICIAS Medell\u00edn de Bravo, Ver. 11 de julio del 2022.- Con el objetivo de apuntalar la econom\u00eda del municipio e<\/p>\n","protected":false},"author":2,"featured_media":35995,"comment_status":"open","ping_status":"open","sticky":false,"template":"","format":"standard","meta":{"colormag_page_container_layout":"default_layout","colormag_page_sidebar_layout":"default_layout","footnotes":""},"categories":[2],"tags":[],"class_list":["post-35988","post","type-post","status-publish","format-standard","has-post-thumbnail","hentry","category-infogral"],"_links":{"self":[{"href":"http:\/\/vocesver.com\/noticias\/wp-json\/wp\/v2\/posts\/35988","targetHints":{"allow":["GET"]}}],"collection":[{"href":"http:\/\/vocesver.com\/noticias\/wp-json\/wp\/v2\/posts"}],"about":[{"href":"http:\/\/vocesver.com\/noticias\/wp-json\/wp\/v2\/types\/post"}],"author":[{"embeddable":true,"href":"http:\/\/vocesver.com\/noticias\/wp-json\/wp\/v2\/users\/2"}],"replies":[{"embeddable":true,"href":"http:\/\/vocesver.com\/noticias\/wp-json\/wp\/v2\/comments?post=35988"}],"version-history":[{"count":2,"href":"http:\/\/vocesver.com\/noticias\/wp-json\/wp\/v2\/posts\/35988\/revisions"}],"predecessor-version":[{"id":35996,"href":"http:\/\/vocesver.com\/noticias\/wp-json\/wp\/v2\/posts\/35988\/revisions\/35996"}],"wp:featuredmedia":[{"embeddable":true,"href":"http:\/\/vocesver.com\/noticias\/wp-json\/wp\/v2\/media\/35995"}],"wp:attachment":[{"href":"http:\/\/vocesver.com\/noticias\/wp-json\/wp\/v2\/media?parent=35988"}],"wp:term":[{"taxonomy":"category","embeddable":true,"href":"http:\/\/vocesver.com\/noticias\/wp-json\/wp\/v2\/categories?post=35988"},{"taxonomy":"post_tag","embeddable":true,"href":"http:\/\/vocesver.com\/noticias\/wp-json\/wp\/v2\/tags?post=35988"}],"curies":[{"name":"wp","href":"https:\/\/api.w.org\/{rel}","templated":true}]}}