{"id":35984,"date":"2022-07-08T23:05:11","date_gmt":"2022-07-08T23:05:11","guid":{"rendered":"http:\/\/vocesver.com\/noticias\/?p=35984"},"modified":"2022-07-08T23:16:14","modified_gmt":"2022-07-08T23:16:14","slug":"fgr-reabre-investigacion-sobre-el-asesinato-de-luis-donaldo-colosio","status":"publish","type":"post","link":"http:\/\/vocesver.com\/noticias\/fgr-reabre-investigacion-sobre-el-asesinato-de-luis-donaldo-colosio\/","title":{"rendered":"FGR reabre investigaci\u00f3n sobre el asesinato de Luis Donaldo Colosio"},"content":{"rendered":"\n<p><br>Colosio compet\u00eda por la Presidencia de la Rep\u00fablica en 1994. Foto: Cuartoscuro \/ Archivo<br><br><br>REDACCI\u00d3N\/VOCESVER.COM\/NOTICIAS<br><br><br>NACIONAL- A 8 DE JULIO 2022.- DE ACUERDO CON INFORMACI\u00d3N DE RUB\u00c9N ROJAS\/M\u00c9XICO\/UNOTV&#8230;.<br>La Fiscal\u00eda General de la Rep\u00fablica (FGR) reabri\u00f3 una carpeta de investigaci\u00f3n sobre el asesinato del ex candidato presidencial Luis Donaldo Colosio Murrieta, ocurrido hace 28 a\u00f1os, un 23 de marzo de 1994 en la localidad de Lomas Taurinas, en Tijuana, Baja California.<br><br>\u00bfPor qu\u00e9 reabrieron la investigaci\u00f3n del caso de Luis Donaldo Colosio?<br>De acuerdo con fuentes ministeriales, el titular de la FGR, Alejandro Gertz Manero, orden\u00f3 el pasado 4 de abril integrar un equipo especial para realizar las indagatorias y definir el camino jur\u00eddico del caso, con la finalidad de perseguir los delitos, retomar y concluir los procesos penales vinculados con los hechos, as\u00ed como cualquier otra investigaci\u00f3n relacionada con el caso o con las personas implicadas en el mismo.<br><br>El pasado 6 de junio qued\u00f3 radicada la averiguaci\u00f3n previa y se instruy\u00f3 al titular de la Polic\u00eda Federal Ministerial, Manuel de Jes\u00fas G\u00f3mez Rojas, desplegar elementos ministeriales para la b\u00fasqueda y localizaci\u00f3n de personas de inter\u00e9s para la investigaci\u00f3n.<br>Quejas por resoluci\u00f3n en el caso Luis Donaldo Colosio<br>Se requiri\u00f3 a la Comisi\u00f3n Nacional de los Derechos Humanos (CNDH) copia de las constancias de las quejas o denuncias impuestas por Mario Aburto Mart\u00ednez o de alguno de sus familiares durante el proceso que se le sigui\u00f3 y en el tiempo que ha permanecido en prisi\u00f3n.<br><br><br>Tambi\u00e9n se solicit\u00f3, a la Direcci\u00f3n General del Sistema Institucional de Archivo de la C\u00e1mara de Diputados de la LXV legislatura, copias de las constancias del expediente que fue integrado por la Comisi\u00f3n Especial para el Caso Colosio.<br>El equipo especial de investigaci\u00f3n para el caso Colosio es encabezado por Abel Galv\u00e1n Gallardo, quien se desempe\u00f1aba como titular de la Fiscal\u00eda Especializada en Investigaci\u00f3n de los Delitos de Desaparici\u00f3n Forzada.<br><br><br>Luis Donaldo Colosio Murrieta naci\u00f3 en febrero de 1950, fue un pol\u00edtico y economista; form\u00f3 parte de las filas del Partido Revolucionario Institucional (PRI).<br><br><br><br><br><br><br>INF. DE RUB\u00c9N ROJAS\/M\u00c9XICO\/UNOTV&#8230;..<br><br><br><br><br><br><br><br><br><br><br><br><br><br><br><br><br><br><br><br><br><br><\/p>\n","protected":false},"excerpt":{"rendered":"<p>Colosio compet\u00eda por la Presidencia de la Rep\u00fablica en 1994. Foto: Cuartoscuro \/ Archivo REDACCI\u00d3N\/VOCESVER.COM\/NOTICIAS NACIONAL- A 8 DE JULIO<\/p>\n","protected":false},"author":2,"featured_media":35992,"comment_status":"open","ping_status":"open","sticky":false,"template":"","format":"standard","meta":{"colormag_page_container_layout":"default_layout","colormag_page_sidebar_layout":"default_layout","footnotes":""},"categories":[1],"tags":[],"class_list":["post-35984","post","type-post","status-publish","format-standard","has-post-thumbnail","hentry","category-sin-categoria"],"_links":{"self":[{"href":"http:\/\/vocesver.com\/noticias\/wp-json\/wp\/v2\/posts\/35984","targetHints":{"allow":["GET"]}}],"collection":[{"href":"http:\/\/vocesver.com\/noticias\/wp-json\/wp\/v2\/posts"}],"about":[{"href":"http:\/\/vocesver.com\/noticias\/wp-json\/wp\/v2\/types\/post"}],"author":[{"embeddable":true,"href":"http:\/\/vocesver.com\/noticias\/wp-json\/wp\/v2\/users\/2"}],"replies":[{"embeddable":true,"href":"http:\/\/vocesver.com\/noticias\/wp-json\/wp\/v2\/comments?post=35984"}],"version-history":[{"count":3,"href":"http:\/\/vocesver.com\/noticias\/wp-json\/wp\/v2\/posts\/35984\/revisions"}],"predecessor-version":[{"id":35991,"href":"http:\/\/vocesver.com\/noticias\/wp-json\/wp\/v2\/posts\/35984\/revisions\/35991"}],"wp:featuredmedia":[{"embeddable":true,"href":"http:\/\/vocesver.com\/noticias\/wp-json\/wp\/v2\/media\/35992"}],"wp:attachment":[{"href":"http:\/\/vocesver.com\/noticias\/wp-json\/wp\/v2\/media?parent=35984"}],"wp:term":[{"taxonomy":"category","embeddable":true,"href":"http:\/\/vocesver.com\/noticias\/wp-json\/wp\/v2\/categories?post=35984"},{"taxonomy":"post_tag","embeddable":true,"href":"http:\/\/vocesver.com\/noticias\/wp-json\/wp\/v2\/tags?post=35984"}],"curies":[{"name":"wp","href":"https:\/\/api.w.org\/{rel}","templated":true}]}}