{"id":35980,"date":"2022-07-08T22:59:20","date_gmt":"2022-07-08T22:59:20","guid":{"rendered":"http:\/\/vocesver.com\/noticias\/?p=35980"},"modified":"2022-07-08T22:59:22","modified_gmt":"2022-07-08T22:59:22","slug":"lideres-mundiales-conmocionados-por-asesinato-de-shinzo-abe-ex-primer-ministro-japones","status":"publish","type":"post","link":"http:\/\/vocesver.com\/noticias\/lideres-mundiales-conmocionados-por-asesinato-de-shinzo-abe-ex-primer-ministro-japones\/","title":{"rendered":"Lideres mundiales, conmocionados por asesinato de Shinzo Abe, ex primer ministro japon\u00e9s"},"content":{"rendered":"\n<p><br><br>Shinzo Abe, ex primer ministro japon\u00e9s, muri\u00f3 a los 67 a\u00f1os. Foto: AFP<br><br><br><br>REDACCI\u00d3N\/VOCESVER..COM\/NOTICIAS<br><br><br>INTERNACIONAL.- A 8 DE JULIO 2022.- DE ACUERDO CON  INFORMACI\u00d3N DE AGENCIAS\/AFP&#8230;. L\u00edderes pol\u00edticos y responsables de todo el mundo manifestaron este viernes una gran conmoci\u00f3n tras el asesinato del ex primer ministro japon\u00e9s Shinzo Abe, v\u00edctima de un ataque con arma de fuego en un mitin pol\u00edtico.<br><br>M\u00e9xico<br>El presidente Andr\u00e9s Manuel L\u00f3pez Obrador lament\u00f3 el deceso de Shinzo Abe.<br><br>\u201cNuestro p\u00e9same al pueblo de Jap\u00f3n porque ayer fue asesinado el ex primer ministro, es un hecho muy lamentable. Hay elecciones creo que para legisladores, parlamentarios este a\u00f1o y \u00e9l estaba participando en un acto, fue agredido trataron de salvarle la vida y no fue posible. Nuestro p\u00e9same al gobierno de Jap\u00f3n y familiares\u201d<br><br>Estados Unidos<br>El secretario de Estado estadounidense, Antony Blinken, conden\u00f3 este viernes el asesinato del ex primer ministro japon\u00e9s Shinzo Abe, que \u201cllev\u00f3 las relaciones entre Estados Unidos y Jap\u00f3n a los m\u00e1s altos niveles\u201d, y lament\u00f3 la p\u00e9rdida de un \u201cl\u00edder visionario\u201d.<br><br><br>Rusia<br>\u201cLes deseo (\u2026) valor ante esta gran p\u00e9rdida irreparable\u201d, declar\u00f3 el presidente ruso, Vladimir Putin, en un telegrama de p\u00e9same dirigido a la madre y a la viuda de Shinzo Abe, seg\u00fan un comunicado del Kremlin.<br><br><br>\u201cHermosos recuerdos de este hombre notable permanecer\u00e1n para siempre en los corazones de aquellos que lo conocieron\u201d, subray\u00f3.<br><br><br>China<br>La embajada de China dijo el viernes estar \u201cconmocionada\u201d por el ataque. \u201cEl ex primer ministro Abe contribuy\u00f3 a mejorar y desarrollar las relaciones sino-japonesas\u201d declar\u00f3 un portavoz de la embajada.<br><br>TE PUEDE INTERESAR: Videos: \u00bfc\u00f3mo fue el ataque contra Shinzo Abe, ex primer ministro de Jap\u00f3n?<br><br>OTAN y Uni\u00f3n Europea<br>El secretario general de la Organizaci\u00f3n del Tratado del Atl\u00e1ntico Norte (OTAN), Jens Stoltenberg, afirm\u00f3 este viernes sentirse \u201cprofundamente entristecido\u201d por la muerte de Abe, a quien se refiri\u00f3 como un \u201camigo\u201c.<br><br>La presidenta de la Comisi\u00f3n Europea, Ursula Von der Leyen, y el titular del Consejo Europeo, Charles Michel, lamentaron este viernes la muerte \u201cbrutal\u201d del exmandatario, calificado como una \u201cpersona fant\u00e1stica\u201d y \u201cun gran dem\u00f3crata\u201d<br><br>Alemania<br>El jefe de gobierno alem\u00e1n, Olaf Scholz, se declar\u00f3 \u201cestupefacto y profundamente entristecido\u201d y asegur\u00f3 estar \u201cjunto a Jap\u00f3n en estas horas dif\u00edciles\u201d<br><br>\u201cCon horror me he enterado de la noticia\u201d, reaccion\u00f3 la excanciller Angela Merkel, quien record\u00f3 haber tenido \u201cuna estrecha colaboraci\u00f3n llena de confianza\u201d con Abe, y tambi\u00e9n el \u201cplacer\u201d que supuso \u201ctrabajar con \u00e9l\u201d<br><br><br><br>Foto: AFP<br>La actual ministra de Exteriores alemana, Annalena Baerbock, expres\u00f3 por su parte su \u201cconmoci\u00f3n\u201d.<br><br>Francia<br>\u201cJap\u00f3n pierde un gran primer ministro, que dedic\u00f3 su vida a su pa\u00eds y obr\u00f3 por el equilibrio del mundo\u201d reaccion\u00f3 el presidente franc\u00e9s, Emmanuel Macron.<br><br>Italia<br>\u201cItalia est\u00e1 conmovida por el terrible atentado que golpe\u00f3 a Jap\u00f3n y a su libre debate democr\u00e1tico\u201d, escribi\u00f3 el primer ministro italiano, Mario Draghi en un mensaje, en el que destac\u00f3 el \u201cesp\u00edritu innovador\u201d y la \u201cvisi\u00f3n reformadora\u201d de Shinzo Abe.<br><br>Reino Unido<br>\u201cIncre\u00edblemente triste por Shinzo Abe. Somos muchos los que recordaremos el liderazgo mundial que demostr\u00f3 en tiempos dif\u00edciles\u201d, tuite\u00f3 el primer ministro brit\u00e1nico, Boris Johnson.<br><br>Corea del Sur<br>\u201cMi simpat\u00eda y condolencias a su familia y al pueblo japon\u00e9s por la p\u00e9rdida (\u2026) de un respetado pol\u00edtico\u201d declar\u00f3 el presidente surcoreano, Yoon Suk-yeol, en un comunicado en el que condena un \u201cacto criminal inaceptable\u201d.<br><br>India<br>El primer ministro indio, Narendra Modi, decret\u00f3 una d\u00eda de duelo nacional el s\u00e1bado en honor a Abe. \u201cEstoy conmocionado y triste por la tr\u00e1gica desaparici\u00f3n de uno de mis m\u00e1s queridos amigos\u201d escribi\u00f3 en Twitter.<br><br>Turqu\u00eda<br>\u201cEstoy profundamente entristecido por la p\u00e9rdida de mi querido amigo Abe\u201d reaccion\u00f3 el presidente turco, Recep Tayyip Erdogan. \u201cCondeno a quienes perpetraron este odioso ataque\u201d<br><br><br><br><br><br>INF. DE AGENCIAS\/AFP&#8230;..<br><br><br><br><br><br><br><br><br><br><br><br><br><br><br><br><br><br><br><br><br><br><br><br><br><br><br><br><br><br><\/p>\n","protected":false},"excerpt":{"rendered":"<p>Shinzo Abe, ex primer ministro japon\u00e9s, muri\u00f3 a los 67 a\u00f1os. Foto: AFP REDACCI\u00d3N\/VOCESVER..COM\/NOTICIAS INTERNACIONAL.- A 8 DE JULIO 2022.-<\/p>\n","protected":false},"author":2,"featured_media":35985,"comment_status":"open","ping_status":"open","sticky":false,"template":"","format":"standard","meta":{"colormag_page_container_layout":"default_layout","colormag_page_sidebar_layout":"default_layout","footnotes":""},"categories":[6],"tags":[],"class_list":["post-35980","post","type-post","status-publish","format-standard","has-post-thumbnail","hentry","category-internacional"],"_links":{"self":[{"href":"http:\/\/vocesver.com\/noticias\/wp-json\/wp\/v2\/posts\/35980","targetHints":{"allow":["GET"]}}],"collection":[{"href":"http:\/\/vocesver.com\/noticias\/wp-json\/wp\/v2\/posts"}],"about":[{"href":"http:\/\/vocesver.com\/noticias\/wp-json\/wp\/v2\/types\/post"}],"author":[{"embeddable":true,"href":"http:\/\/vocesver.com\/noticias\/wp-json\/wp\/v2\/users\/2"}],"replies":[{"embeddable":true,"href":"http:\/\/vocesver.com\/noticias\/wp-json\/wp\/v2\/comments?post=35980"}],"version-history":[{"count":2,"href":"http:\/\/vocesver.com\/noticias\/wp-json\/wp\/v2\/posts\/35980\/revisions"}],"predecessor-version":[{"id":35986,"href":"http:\/\/vocesver.com\/noticias\/wp-json\/wp\/v2\/posts\/35980\/revisions\/35986"}],"wp:featuredmedia":[{"embeddable":true,"href":"http:\/\/vocesver.com\/noticias\/wp-json\/wp\/v2\/media\/35985"}],"wp:attachment":[{"href":"http:\/\/vocesver.com\/noticias\/wp-json\/wp\/v2\/media?parent=35980"}],"wp:term":[{"taxonomy":"category","embeddable":true,"href":"http:\/\/vocesver.com\/noticias\/wp-json\/wp\/v2\/categories?post=35980"},{"taxonomy":"post_tag","embeddable":true,"href":"http:\/\/vocesver.com\/noticias\/wp-json\/wp\/v2\/tags?post=35980"}],"curies":[{"name":"wp","href":"https:\/\/api.w.org\/{rel}","templated":true}]}}