{"id":35963,"date":"2022-07-06T20:00:38","date_gmt":"2022-07-06T20:00:38","guid":{"rendered":"http:\/\/vocesver.com\/noticias\/?p=35963"},"modified":"2022-07-06T21:04:20","modified_gmt":"2022-07-06T21:04:20","slug":"34-municipios-de-tamaulipas-estan-en-alerta-roja-por-canicula","status":"publish","type":"post","link":"http:\/\/vocesver.com\/noticias\/34-municipios-de-tamaulipas-estan-en-alerta-roja-por-canicula\/","title":{"rendered":"34 municipios de Tamaulipas est\u00e1n en alerta roja por can\u00edcula"},"content":{"rendered":"\n<p><br><br><br><br>La can\u00edcula en Tamaulipas se dejar\u00e1 sentir con altas temperaturas del 22 de julio al 30 de agosto. Foto: Cuartoscuro\/Archivo<br><br><br><br>REDACCI\u00d3N\/VOCESVER,COM\/NOTICIAS<br><br><br>NACIONA.(TAMAULIPAS) A 6 DE JULIO 2022.- DE ACUERDO CON INFORMACI\u00d3N DE DAISY HERRERA\/UNOTV&#8230;&#8230;Del 22 de julio al 30 de agosto, el calor se dejar\u00e1 sentir con mayor fuerza en Tamaulipas, toda vez que entr\u00f3 la llamada can\u00edcula, fen\u00f3meno meteorol\u00f3gico en el que se registran las temperaturas m\u00e1s altas, con sequ\u00eda y pocas probabilidades de lluvias.<br><br>Can\u00edcula incrementa temperaturas y consumo de agua<br>De acuerdo con el Monitor de Sequ\u00eda de M\u00e9xico, con corte al 30 de junio, 34 de los 43 municipios de Tamaulipas presentan niveles de \u201canormalmente seco\u201d, \u201csequ\u00eda moderada\u201d y \u201csequ\u00eda severa\u201d, al inicio de la temporada del a\u00f1o, con temperaturas por arriba de 40 grados cent\u00edgrados, por lo que se incrementa el consumo de agua.<br><br>Tamaulipas se encuentra en la s\u00e9ptima posici\u00f3n a nivel nacional con el 72% de su superficie afectada por la sequ\u00eda, s\u00f3lo por debajo de Nuevo Le\u00f3n, estado vecino que enfrenta una crisis severa de agua, provocando que sus ciudadanos tomen el l\u00edquido de las fugas para ba\u00f1arse y realizar sus trabajos dom\u00e9sticos.<br><br><br>A la sequ\u00eda se le suman los pron\u00f3sticos negativos de lluvias para el estado publicados por la Comisi\u00f3n Nacional del Agua (Conagua), al esperarse, durante julio, un 77% menos de precipitaciones que en el 2021 durante ese mismo periodo, mientras que en agosto se espera un 37.6% menos de lluvias.<br><br><br>\u00bfQu\u00e9 municipios no sufren por falta de lluvias?<br>Sin embargo, algunos municipios en Tamaulipas no sufren por la falta de lluvias y cuentan con buenos niveles de agua en sus almacenamientos:<br><br><br>Valle Hermoso<br>Tampico<br>Reynosa<br>R\u00edo Bravo<br>Miguel Alem\u00e1n<br>Gustavo D\u00edaz Ordaz<br>Ciudad Madero<br>Camargo<br>Altamira<br>Municipios m\u00e1s afectados por ausencia de lluvias<br>Los municipios m\u00e1s afectados por la falta de lluvias son los del Altiplano tamaulipeco:<br><br>Bustamante<br>Cruillas<br>Hidalgo<br>Mainero<br>Miquihuana<br>Ocampo<br>Palmillas<br>San Carlos<br>San Nicol\u00e1s<br>Tula<br>Villagr\u00e1n<br>Las presas y la demanda de agua por la can\u00edcula<br>La situaci\u00f3n se agrava por los niveles de las nueve presas de Tamaulipas, que registran un almacenamiento general de 31.3%, el cual podr\u00eda descender de forma acelerada durante julio por el incremento de la demanda de agua en todos los municipios debido a la can\u00edcula.<br><br>El \u00faltimo reporte de la Conagua Cuenca Golfo Norte establece que la presa Marte R. G\u00f3mez cuenta con un almacenamiento del 41.84%; Las Blancas, con el 25.20%; la Vicente Guerrero, con niveles al 20.95%, La Patria es Primero, con el 40.43%, y la Pedro Jos\u00e9 M\u00e9ndez cuenta con un 19%.<br><br>La presa Ramiro Caballero cuenta con un 50.36% de almacenamiento; la Emilio Portes Gil, con un 28.87%, la Rep\u00fablica Espa\u00f1ola, con 23.89%, y en el Sistema Lagunario de la zona sur se registra un almacenamiento del 66.4%.<br><br><br><br><br><br>INF. DE DAISY HERRERA\/UNOTV&#8230;&#8230;.<br><br><br><br><br><br><br><br><br><br><br><br><br><br><br><br><br><br><br><br><br><br><br><br><br><br><br><\/p>\n","protected":false},"excerpt":{"rendered":"<p>La can\u00edcula en Tamaulipas se dejar\u00e1 sentir con altas temperaturas del 22 de julio al 30 de agosto. Foto: Cuartoscuro\/Archivo<\/p>\n","protected":false},"author":2,"featured_media":35969,"comment_status":"open","ping_status":"open","sticky":false,"template":"","format":"standard","meta":{"colormag_page_container_layout":"default_layout","colormag_page_sidebar_layout":"default_layout","footnotes":""},"categories":[5],"tags":[],"class_list":["post-35963","post","type-post","status-publish","format-standard","has-post-thumbnail","hentry","category-nacional"],"_links":{"self":[{"href":"http:\/\/vocesver.com\/noticias\/wp-json\/wp\/v2\/posts\/35963","targetHints":{"allow":["GET"]}}],"collection":[{"href":"http:\/\/vocesver.com\/noticias\/wp-json\/wp\/v2\/posts"}],"about":[{"href":"http:\/\/vocesver.com\/noticias\/wp-json\/wp\/v2\/types\/post"}],"author":[{"embeddable":true,"href":"http:\/\/vocesver.com\/noticias\/wp-json\/wp\/v2\/users\/2"}],"replies":[{"embeddable":true,"href":"http:\/\/vocesver.com\/noticias\/wp-json\/wp\/v2\/comments?post=35963"}],"version-history":[{"count":3,"href":"http:\/\/vocesver.com\/noticias\/wp-json\/wp\/v2\/posts\/35963\/revisions"}],"predecessor-version":[{"id":35970,"href":"http:\/\/vocesver.com\/noticias\/wp-json\/wp\/v2\/posts\/35963\/revisions\/35970"}],"wp:featuredmedia":[{"embeddable":true,"href":"http:\/\/vocesver.com\/noticias\/wp-json\/wp\/v2\/media\/35969"}],"wp:attachment":[{"href":"http:\/\/vocesver.com\/noticias\/wp-json\/wp\/v2\/media?parent=35963"}],"wp:term":[{"taxonomy":"category","embeddable":true,"href":"http:\/\/vocesver.com\/noticias\/wp-json\/wp\/v2\/categories?post=35963"},{"taxonomy":"post_tag","embeddable":true,"href":"http:\/\/vocesver.com\/noticias\/wp-json\/wp\/v2\/tags?post=35963"}],"curies":[{"name":"wp","href":"https:\/\/api.w.org\/{rel}","templated":true}]}}