{"id":35954,"date":"2022-07-06T14:42:42","date_gmt":"2022-07-06T14:42:42","guid":{"rendered":"http:\/\/vocesver.com\/noticias\/?p=35954"},"modified":"2022-07-06T14:45:16","modified_gmt":"2022-07-06T14:45:16","slug":"sre-confirma-26-mexicanos-fallecidos-en-el-trailer-de-texas-hay-2-hospitalizados-todavia","status":"publish","type":"post","link":"http:\/\/vocesver.com\/noticias\/sre-confirma-26-mexicanos-fallecidos-en-el-trailer-de-texas-hay-2-hospitalizados-todavia\/","title":{"rendered":"SRE confirma 26 mexicanos fallecidos en el tr\u00e1iler de Texas; hay 2 hospitalizados todav\u00eda"},"content":{"rendered":"\n<p><br><br>El cami\u00f3n se hab\u00eda dejado estacionado junto a unas v\u00edas de tren mientras las temperaturas sub\u00edan hasta 39.4 grados Celsius. FOTO: Reuters<br><br>REDACCI\u00d3N\/VOCESVER.COM\/NOTICIAS<br><br>NACIONAL.- A  6 DE JULIO 2022.- DE ACUERDO CON INFORMACI\u00d3N DE REDACCI\u00d3N\/UNOTV&#8230;.La Secretar\u00eda de Relaciones Exteriores (SRE) inform\u00f3 que son 26 los mexicanos fallecidos tras ser abandonados en el interior de un tr\u00e1iler que transportaba migrantes y que fue localizado en San Antonio, Texas.<br><br><br>\u201cHasta hoy lamentablemente registramos 26 personas mexicanas fallecidas como resultado de su traslado en un cami\u00f3n de carga en el estado de Texas\u201d, apunt\u00f3 la SRE.<br><br>&#x1f4c4; @SRE_mx organiza reunificaci\u00f3n familiar de una persona migrante vinculada al caso de San Antonio.https:\/\/t.co\/GaRteuRrzl pic.twitter.com\/kHQh662hIg<br><br>\u2014 Relaciones Exteriores (@SRE_mx) July 5, 2022<br>Se\u00f1al\u00f3 que el n\u00famero de v\u00edctimas \u201cse vio afectado por algunas personas no identificadas que se reconocieron como mexicanos cuando en realidad se trata de personas extranjeras\u201d aunque no precis\u00f3 la nacionalidad.<br><br>Adem\u00e1s, junto con la embajada de M\u00e9xico en Washington y el Consulado General de M\u00e9xico en San Antonio, contin\u00faan en comunicaci\u00f3n con las autoridades estadounidenses y la oficina forense, a fin de acelerar la identificaci\u00f3n de las personas fallecidas.<br><br><br>Al momento se encuentran dos personas mexicanas hospitalizadas en recuperaci\u00f3n. Destaca la atenci\u00f3n a un menor de edad que, afortunadamente, dej\u00f3 terapia intensiva a pesar de que permanece en condici\u00f3n delicada. \u201cEl menor es originario de San Jos\u00e9 Iturbide, Guanajuato\u201d, apunt\u00f3 la SRE.<br>El Consulado General de M\u00e9xico en San Antonio contin\u00faa con los procesos de identificaci\u00f3n, embalsamamiento y documentaci\u00f3n correspondientes, a fin de llevar a cabo el traslado de los cuerpos a nuestro pa\u00eds.<br><br><br>Hasta ahora, la funeraria tiene 16 cuerpos; el Instituto Nacional de Migraci\u00f3n financiar\u00e1 los costos de repatriaci\u00f3n, en coordinaci\u00f3n con el Consulado General de M\u00e9xico y la Secretar\u00eda de Relaciones Exteriores. Adem\u00e1s, conforme a derecho internacional, personal consular ha ofrecido asistencia jur\u00eddica a los dos mexicanos que enfrentan cargos vinculados al caso en cuesti\u00f3n.<br><br><br>Migrantes, sin agua, bajo temperaturas de 39.4 grados<br>Autoridades encontraron un tr\u00e1iler con la puerta trasera entreabierta y los cuerpos apilados en su interior, que estaban calientes al tacto. En la maleza cercana, los agentes descubrieron otras v\u00edctimas, algunas de ellas fallecidas.<br><br>El cami\u00f3n transportaba migrantes de M\u00e9xico, Guatemala, Honduras y El Salvador y fue encontrado en una zona industrial desolada cerca de una carretera en las afueras de San Antonio, Texas, a unos 260 kil\u00f3metros al norte de la frontera entre Estados Unidos y M\u00e9xico.<br><br><br><br><br><br>INF. DE REDACCI\u00d3N\/UNOTV&#8230;.<br><br><br><br><br><br><br><br><br><br><br><br><br><br><br><br><br><br><br><br><br><br><br><br><br><br><\/p>\n","protected":false},"excerpt":{"rendered":"<p>El cami\u00f3n se hab\u00eda dejado estacionado junto a unas v\u00edas de tren mientras las temperaturas sub\u00edan hasta 39.4 grados Celsius.<\/p>\n","protected":false},"author":2,"featured_media":35961,"comment_status":"open","ping_status":"open","sticky":false,"template":"","format":"standard","meta":{"colormag_page_container_layout":"default_layout","colormag_page_sidebar_layout":"default_layout","footnotes":""},"categories":[5],"tags":[],"class_list":["post-35954","post","type-post","status-publish","format-standard","has-post-thumbnail","hentry","category-nacional"],"_links":{"self":[{"href":"http:\/\/vocesver.com\/noticias\/wp-json\/wp\/v2\/posts\/35954","targetHints":{"allow":["GET"]}}],"collection":[{"href":"http:\/\/vocesver.com\/noticias\/wp-json\/wp\/v2\/posts"}],"about":[{"href":"http:\/\/vocesver.com\/noticias\/wp-json\/wp\/v2\/types\/post"}],"author":[{"embeddable":true,"href":"http:\/\/vocesver.com\/noticias\/wp-json\/wp\/v2\/users\/2"}],"replies":[{"embeddable":true,"href":"http:\/\/vocesver.com\/noticias\/wp-json\/wp\/v2\/comments?post=35954"}],"version-history":[{"count":2,"href":"http:\/\/vocesver.com\/noticias\/wp-json\/wp\/v2\/posts\/35954\/revisions"}],"predecessor-version":[{"id":35959,"href":"http:\/\/vocesver.com\/noticias\/wp-json\/wp\/v2\/posts\/35954\/revisions\/35959"}],"wp:featuredmedia":[{"embeddable":true,"href":"http:\/\/vocesver.com\/noticias\/wp-json\/wp\/v2\/media\/35961"}],"wp:attachment":[{"href":"http:\/\/vocesver.com\/noticias\/wp-json\/wp\/v2\/media?parent=35954"}],"wp:term":[{"taxonomy":"category","embeddable":true,"href":"http:\/\/vocesver.com\/noticias\/wp-json\/wp\/v2\/categories?post=35954"},{"taxonomy":"post_tag","embeddable":true,"href":"http:\/\/vocesver.com\/noticias\/wp-json\/wp\/v2\/tags?post=35954"}],"curies":[{"name":"wp","href":"https:\/\/api.w.org\/{rel}","templated":true}]}}