{"id":35950,"date":"2022-07-06T14:32:39","date_gmt":"2022-07-06T14:32:39","guid":{"rendered":"http:\/\/vocesver.com\/noticias\/?p=35950"},"modified":"2022-07-06T14:36:17","modified_gmt":"2022-07-06T14:36:17","slug":"morena-celebra-el-4o-aniversario-de-la-victoriadelpueblo-en-conmemoracion-de-los-primeros-4-anos-del-triunfo-de-amlo","status":"publish","type":"post","link":"http:\/\/vocesver.com\/noticias\/morena-celebra-el-4o-aniversario-de-la-victoriadelpueblo-en-conmemoracion-de-los-primeros-4-anos-del-triunfo-de-amlo\/","title":{"rendered":"MORENA CELEBRA EL 4\u00ba ANIVERSARIO DE LA #VICTORIADELPUEBLO EN CONMEMORACI\u00d3N DE LOS PRIMEROS 4 A\u00d1OS DEL TRIUNFO DE AMLO."},"content":{"rendered":"\n<p>Militantes y simpatizantes de Morena se re\u00fanen para celebrar que se cumplieron 4 a\u00f1os de que gan\u00f3 la democracia en M\u00e9xico.<br><br><br>REDACCI\u00d3N\/VOCESVER.COM\/NOTICIAS<br><br>Xalapa, Ver., 6 de julio del 2022<br>El pasado s\u00e1bado 2 de julio, morenistas militantes y simpatizantes de Morena se dieron cita en la ciudad de Xalapa para conmemorar el 4\u00ba aniversario del triunfo de AMLO.<br><br>Entre marimba, batucada, y gran unidad, la militancia de todas partes de Veracruz, celebr\u00f3 los primeros 4 a\u00f1os de gobierno de la Cuarta Transformaci\u00f3n.<br><br>A la reuni\u00f3n asistieron alcaldes y alcaldesas, diputados, la Senadora Gloria S\u00e1nchez Hern\u00e1ndez, autoridades pertenecientes al Comit\u00e9 Ejecutivo Estatal de Morena en Veracruz, el licenciado Esteban Ramirez Zepeta, Delegado Estatal en funciones de Presidente, y el ciudadano Cuitl\u00e1huac Garc\u00eda Jim\u00e9nez.<br><br>\u201cHoy celebramos que hace 4 a\u00f1os gan\u00f3 la democracia en nuestro pa\u00eds, con Unidad y Organizaci\u00f3n logramos poner en marcha la 4\u00aa Transformaci\u00f3n respaldando as\u00ed a nuestro presidente, el licenciado Andr\u00e9s Manuel L\u00f3pez Obrador, y en nuestro estado al ingeniero Cuitl\u00e1huac Garc\u00eda Jim\u00e9nez.\u201d, expres\u00f3 el licenciado Esteban Ramirez Zepeta.<br><br>\u201cHa sido un largo camino para nuestro movimiento, como sabemos, y gracias al compromiso, la entrega, y la responsabilidad y madurez pol\u00edtica de todas y todos, Veracruz se ha convertido en el primer basti\u00f3n de Morena en todo el pa\u00eds.\u201d Agreg\u00f3.<br><br>Tambi\u00e9n, dentro de los logros de la 4\u00aa Transformaci\u00f3n, mencion\u00f3 que, con la Reforma Electoral, M\u00e9xico contar\u00e1 con una democracia verdaderamente participativa, austera, honesta e imparcial, \u201cEs muy importante que nosotros informemos que, en lo general, va a haber una reducci\u00f3n de casi 50 mil millones de pesos con esta reforma democr\u00e1tica\u201d, puntualiz\u00f3.<br><br>Con dicha reforma, se busca que Instituto Nacional Electoral se transforme en el Instituto Nacional de Elecciones y Consultas (INEC), cuyo objetivo es tener elecciones libres y limpias, reducir la burocracia, promover la transparencia y devolver el poder de decisi\u00f3n al pueblo.<br><br>Por otra parte, el ingeniero Cuitl\u00e1huac Garc\u00eda Jim\u00e9nez agradeci\u00f3 al Dirigente la invitaci\u00f3n al evento, y habl\u00f3 sobre la reci\u00e9n inaugurada refiner\u00eda Olmeca, en Para\u00edso, Tabasco; \u201cTodav\u00eda traigo el gusto de ser testigo de la conclusi\u00f3n de la etapa m\u00e1s importante de la refiner\u00eda m\u00e1s grande del pa\u00eds, con tecnolog\u00eda de punta y confirmando que el pueblo de M\u00e9xico no se equivoc\u00f3, no cabe duda, y no hay peor ciego que el que no quiere ver; y la 4\u00aa Transformaci\u00f3n est\u00e1 dando resultados tangibles.\u201d, dijo.<br><br>Tambi\u00e9n, acerca de las especulaciones sobre el proceso de elecciones internas del partido, y de cara al 2024 asegur\u00f3 que la pol\u00edtica es una herramienta social para definir acciones en beneficio de la mayor\u00eda, para el bien del pueblo, \u201cEn nuestro movimiento no nos dedicamos a la grilla, ni hacemos pol\u00edtica barata\u201d puntualiz\u00f3.<br><br>A 4 a\u00f1os de la #VictoriaDelPueblo, la militancia busca consolidar la 4\u00aa Transformaci\u00f3n en Veracruz, reiterando su apego a los ideales y principios del movimiento, y su compromiso pol\u00edtico y social con el proyecto encabezado por el presidente, Andr\u00e9s Manuel L\u00f3pez Obrador.<br><br><br><br><br><br><br><br><br><br><br><br><br><br><br><br><br><br><br><br><br><br><br><br><br><br><br><br><br><br><br><br><br><br><br><br><br><br><\/p>\n","protected":false},"excerpt":{"rendered":"<p>Militantes y simpatizantes de Morena se re\u00fanen para celebrar que se cumplieron 4 a\u00f1os de que gan\u00f3 la democracia en<\/p>\n","protected":false},"author":2,"featured_media":35956,"comment_status":"open","ping_status":"open","sticky":false,"template":"","format":"standard","meta":{"colormag_page_container_layout":"default_layout","colormag_page_sidebar_layout":"default_layout","footnotes":""},"categories":[2],"tags":[],"class_list":["post-35950","post","type-post","status-publish","format-standard","has-post-thumbnail","hentry","category-infogral"],"_links":{"self":[{"href":"http:\/\/vocesver.com\/noticias\/wp-json\/wp\/v2\/posts\/35950","targetHints":{"allow":["GET"]}}],"collection":[{"href":"http:\/\/vocesver.com\/noticias\/wp-json\/wp\/v2\/posts"}],"about":[{"href":"http:\/\/vocesver.com\/noticias\/wp-json\/wp\/v2\/types\/post"}],"author":[{"embeddable":true,"href":"http:\/\/vocesver.com\/noticias\/wp-json\/wp\/v2\/users\/2"}],"replies":[{"embeddable":true,"href":"http:\/\/vocesver.com\/noticias\/wp-json\/wp\/v2\/comments?post=35950"}],"version-history":[{"count":2,"href":"http:\/\/vocesver.com\/noticias\/wp-json\/wp\/v2\/posts\/35950\/revisions"}],"predecessor-version":[{"id":35955,"href":"http:\/\/vocesver.com\/noticias\/wp-json\/wp\/v2\/posts\/35950\/revisions\/35955"}],"wp:featuredmedia":[{"embeddable":true,"href":"http:\/\/vocesver.com\/noticias\/wp-json\/wp\/v2\/media\/35956"}],"wp:attachment":[{"href":"http:\/\/vocesver.com\/noticias\/wp-json\/wp\/v2\/media?parent=35950"}],"wp:term":[{"taxonomy":"category","embeddable":true,"href":"http:\/\/vocesver.com\/noticias\/wp-json\/wp\/v2\/categories?post=35950"},{"taxonomy":"post_tag","embeddable":true,"href":"http:\/\/vocesver.com\/noticias\/wp-json\/wp\/v2\/tags?post=35950"}],"curies":[{"name":"wp","href":"https:\/\/api.w.org\/{rel}","templated":true}]}}