{"id":35944,"date":"2022-07-02T20:29:22","date_gmt":"2022-07-02T20:29:22","guid":{"rendered":"http:\/\/vocesver.com\/noticias\/?p=35944"},"modified":"2022-07-02T20:29:24","modified_gmt":"2022-07-02T20:29:24","slug":"registra-aquarium-de-veracruz-aumento-de-visitas-durante-carnaval-pma","status":"publish","type":"post","link":"http:\/\/vocesver.com\/noticias\/registra-aquarium-de-veracruz-aumento-de-visitas-durante-carnaval-pma\/","title":{"rendered":"Registra Aquarium de Veracruz aumento de visitas durante carnaval: PMA"},"content":{"rendered":"\n<p>Tambi\u00e9n hay grandes expectativas para el periodo vacacional de verano: Sergio Rodr\u00edguez Cort\u00e9s<br><br><br>REDACCI\u00d3N\/VOCESVER.COM\/NOTICIAS<br><br>Veracruz, Ver. 2 de Julio de 2022.- Con motivo de las fiestas del Carnaval 2022, el Aquarium del Puerto de Veracruz, registra una importante afluencia de visitantes este fin de semana y hay grandes expectativas para el periodo vacacional de verano.<br><br>El procurador estatal del Medio Ambiente, Sergio Rodr\u00edguez Cort\u00e9s, destac\u00f3 que el Aquarium es uno de los principales atractivos tur\u00edsticos de todo el estado, por lo que los turistas aprovechan su estancia en la zona conurbada Veracruz \u2013 Boca del R\u00edo para visitar este emblem\u00e1tico lugar, en el que se exhiben m\u00e1s de 3 mil ejemplares de diferentes especies como mam\u00edferos marinos, aves, reptiles, peces, cnidarios, crust\u00e1ceos y moluscos.<br><br>\u201cEstamos muy contentos, este es un fin de semana largo y tenemos grandes expectativas de afluencia al Aquarium del Puerto de Veracruz. Desde el viernes se ha observado una importante llegada de turistas a la zona conurbada Veracruz \u2013 Boca del R\u00edo, con motivo de las fiestas del carnaval y en el Aquarium estamos listos para recibir a los visitantes que provienen de otros municipios, pero tambi\u00e9n de otros estados del pa\u00eds\u201d.<br><br>El procurador, adelant\u00f3 que las vacaciones de verano tambi\u00e9n representan un periodo importante para los prestadores de servicios tur\u00edsticos y por consecuencia para el Aquarium del Puerto de Veracruz, por lo que se espera que en el mes de agosto aumenten las visitas.<br><br>Rodr\u00edguez Cort\u00e9s, record\u00f3 que tambi\u00e9n se otorga entrada gratuita el segundo martes de cada mes, exceptuando los meses de julio y diciembre, as\u00ed como los d\u00edas de Carnaval y Semana Santa.<br><br>Cabe mencionar que el costo de los boletos de entrada es de 170 pesos para los adultos y de 110 pesos para ni\u00f1os de 2 a 11 a\u00f1os y de 110 pesos para INAPAM.<br><br>En tanto, los horarios de entrada son de lunes a jueves de 10:00 a 19:00 horas; viernes y domino y d\u00edas festivos de 10:00 a 19:30 horas.<br><br>El servicio de estacionamiento es de 7:00 a 00:00 horas y el costo es de 20 pesos la hora o fracci\u00f3n.<br><br>Para mayor informaci\u00f3n, el procurador estatal del Medio Ambiente, Sergio Rodr\u00edguez Cort\u00e9s, invit\u00f3 a la poblaci\u00f3n a visitar la p\u00e1gina: www.aquariumpuertodeveracruz.mx<br><br>El funcionario estatal, reiter\u00f3 que una de las prioridades del gobernador Cuitl\u00e1huac Garc\u00eda Jim\u00e9nez es brindar un buen servicio a los veracruzanos y turistas que ingresen al Aquarium del Puerto de Veracruz, por lo que ha sido dispuesto personal de dicho centro tur\u00edstico y de la Procuradur\u00eda Estatal del Medio Ambiente para apoyar en la atenci\u00f3n.<br><br><br><br><br><br><br><br><br><br><br><br><br><br><br><br><br><br><br><br><br><br><br><br><br><br><br><br><br><br><br><br><br><br><br><br><br><br><br><br><br><br><br><br><br><br><br><br><br><br><\/p>\n","protected":false},"excerpt":{"rendered":"<p>Tambi\u00e9n hay grandes expectativas para el periodo vacacional de verano: Sergio Rodr\u00edguez Cort\u00e9s REDACCI\u00d3N\/VOCESVER.COM\/NOTICIAS Veracruz, Ver. 2 de Julio de<\/p>\n","protected":false},"author":2,"featured_media":35951,"comment_status":"open","ping_status":"open","sticky":false,"template":"","format":"standard","meta":{"colormag_page_container_layout":"default_layout","colormag_page_sidebar_layout":"default_layout","footnotes":""},"categories":[2],"tags":[],"class_list":["post-35944","post","type-post","status-publish","format-standard","has-post-thumbnail","hentry","category-infogral"],"_links":{"self":[{"href":"http:\/\/vocesver.com\/noticias\/wp-json\/wp\/v2\/posts\/35944","targetHints":{"allow":["GET"]}}],"collection":[{"href":"http:\/\/vocesver.com\/noticias\/wp-json\/wp\/v2\/posts"}],"about":[{"href":"http:\/\/vocesver.com\/noticias\/wp-json\/wp\/v2\/types\/post"}],"author":[{"embeddable":true,"href":"http:\/\/vocesver.com\/noticias\/wp-json\/wp\/v2\/users\/2"}],"replies":[{"embeddable":true,"href":"http:\/\/vocesver.com\/noticias\/wp-json\/wp\/v2\/comments?post=35944"}],"version-history":[{"count":2,"href":"http:\/\/vocesver.com\/noticias\/wp-json\/wp\/v2\/posts\/35944\/revisions"}],"predecessor-version":[{"id":35952,"href":"http:\/\/vocesver.com\/noticias\/wp-json\/wp\/v2\/posts\/35944\/revisions\/35952"}],"wp:featuredmedia":[{"embeddable":true,"href":"http:\/\/vocesver.com\/noticias\/wp-json\/wp\/v2\/media\/35951"}],"wp:attachment":[{"href":"http:\/\/vocesver.com\/noticias\/wp-json\/wp\/v2\/media?parent=35944"}],"wp:term":[{"taxonomy":"category","embeddable":true,"href":"http:\/\/vocesver.com\/noticias\/wp-json\/wp\/v2\/categories?post=35944"},{"taxonomy":"post_tag","embeddable":true,"href":"http:\/\/vocesver.com\/noticias\/wp-json\/wp\/v2\/tags?post=35944"}],"curies":[{"name":"wp","href":"https:\/\/api.w.org\/{rel}","templated":true}]}}