{"id":35932,"date":"2022-07-02T19:55:26","date_gmt":"2022-07-02T19:55:26","guid":{"rendered":"http:\/\/vocesver.com\/noticias\/?p=35932"},"modified":"2022-07-02T19:57:56","modified_gmt":"2022-07-02T19:57:56","slug":"recibe-el-dr-gilberto-farias-morales-otro-titulo-honoris-causa-por-parte-del-claustro-nacional-de-doctores-honoris-causa","status":"publish","type":"post","link":"http:\/\/vocesver.com\/noticias\/recibe-el-dr-gilberto-farias-morales-otro-titulo-honoris-causa-por-parte-del-claustro-nacional-de-doctores-honoris-causa\/","title":{"rendered":"Recibe el Dr Gilberto Far\u00edas Morales otro t\u00edtulo Honoris Causa por parte del Claustro Nacional de Doctores Honoris Causa."},"content":{"rendered":"\n<p><br>\u00b0\u00b0El reconocimiento es resultado de su destada labor como abogado.<br>\u00b0La entrega de esta menci\u00f3n honor\u00edfica corri\u00f3 a cargo del Dr. Roberto Vidal.<br>AUSENCIO RIVERA\/VOCESVER.COM\/NOTICIAS<br>CDMX.- A 02 de Julio 2022. Debido a su destacada labor como abogado, el Dr. Gilberto Far\u00edas Morales recibi\u00f3 el t\u00edtulo honor\u00edfico de Doctor Honoris Causa por parte del Claustro Nacional de Doctores Honoris Causa.<br>El Doctor Roberto Vidal fue el encargado  entregar esta menci\u00f3n honor\u00edfica en la sede del Auditorio Magno e hist\u00f3rico Palacio de Medicina de la UNAM.<br><br>Porqu\u00e9 recibe este t\u00edtulo Gilberto Far\u00edas Morales:<br><br>Es licenciado en Derecho por la Universidad Veracruzana generaci\u00f3n 1977 1981<br>Abogado postulante desde 1982<br>Cuenta con doctorados honoris causa por las universidades American International School of Law de San Diego CA USA y la universidad Bonagens de Aguascalientes M\u00e9xico por su destacada trayectoria y contribuci\u00f3n a las ciencias jur\u00eddicas de M\u00e9xico.<br><br><br>El julio del 2014 en sesi\u00f3n de Cabildo del H Ayuntamiento de Veracruz Ver. el primer Ayuntamiento de Am\u00e9rica le otorga reconocimiento como uno de los mejores litigantes en el estado y por su dedicaci\u00f3n y esfuerzo por mantener Unido el gremio de la abogac\u00eda<br><br>En noviembre del 2019 protesta En el sal\u00f3n del pleno del senado de la Rep\u00fablica como presidente del Colegio Nacional de abogados penalistas AC para el per\u00edodo 2019 2021<br><br>En julio del 2021 protesta nuevamente en el sal\u00f3n de plenos del senado de la Rep\u00fablica en relaci\u00f3n para el per\u00edodo 2021 a 2023 como presidente del Colegio Nacional de abogados penalistas A.C. cargo que actualmente ostenta<br><br>En 1991 participa en el foro y Cruzada Nacional del Ministerio P\u00fablico ante la comunidad y las reformas al C\u00f3digo Federal de Procedimientos Penales<br><br>De 1991 a la fecha ha participado a Participado en diversos foros de Derechos Humanos<br><br>En 2020 dona al gobierno del estado de Baja California la primera estatua a nivel nacional de la licenciada Mar\u00eda Asunci\u00f3n Sandoval de Zarco primera abogada en M\u00e9xico efigie que est\u00e1 colocada en la fiscal\u00eda general del estado de dicha entidad federativa<br><br>En 2019 Donna al gobierno del Estado de Veracruz la Estatua del deportista y futbolista de talla internacional Luis de la fuente y Hoyos \u00abEl pirata fuente\u00bb efigie que est\u00e1 colocada actualmente en el estadio de f\u00fatbol que lleva el nombre de dicho futbolista.<br>Y adem\u00e1s es orgullosamente Veracruzano!!!<br><br><br><br><br><br><br><br><br><br><br><br><br><br><br><br><br><br><br><br><br><br><br><br><br><br><br><br><br><br><br><br><br><br><br><br><\/p>\n","protected":false},"excerpt":{"rendered":"<p>\u00b0\u00b0El reconocimiento es resultado de su destada labor como abogado.\u00b0La entrega de esta menci\u00f3n honor\u00edfica corri\u00f3 a cargo del Dr.<\/p>\n","protected":false},"author":2,"featured_media":35938,"comment_status":"open","ping_status":"open","sticky":false,"template":"","format":"standard","meta":{"colormag_page_container_layout":"default_layout","colormag_page_sidebar_layout":"default_layout","footnotes":""},"categories":[5],"tags":[],"class_list":["post-35932","post","type-post","status-publish","format-standard","has-post-thumbnail","hentry","category-nacional"],"_links":{"self":[{"href":"http:\/\/vocesver.com\/noticias\/wp-json\/wp\/v2\/posts\/35932","targetHints":{"allow":["GET"]}}],"collection":[{"href":"http:\/\/vocesver.com\/noticias\/wp-json\/wp\/v2\/posts"}],"about":[{"href":"http:\/\/vocesver.com\/noticias\/wp-json\/wp\/v2\/types\/post"}],"author":[{"embeddable":true,"href":"http:\/\/vocesver.com\/noticias\/wp-json\/wp\/v2\/users\/2"}],"replies":[{"embeddable":true,"href":"http:\/\/vocesver.com\/noticias\/wp-json\/wp\/v2\/comments?post=35932"}],"version-history":[{"count":2,"href":"http:\/\/vocesver.com\/noticias\/wp-json\/wp\/v2\/posts\/35932\/revisions"}],"predecessor-version":[{"id":35937,"href":"http:\/\/vocesver.com\/noticias\/wp-json\/wp\/v2\/posts\/35932\/revisions\/35937"}],"wp:featuredmedia":[{"embeddable":true,"href":"http:\/\/vocesver.com\/noticias\/wp-json\/wp\/v2\/media\/35938"}],"wp:attachment":[{"href":"http:\/\/vocesver.com\/noticias\/wp-json\/wp\/v2\/media?parent=35932"}],"wp:term":[{"taxonomy":"category","embeddable":true,"href":"http:\/\/vocesver.com\/noticias\/wp-json\/wp\/v2\/categories?post=35932"},{"taxonomy":"post_tag","embeddable":true,"href":"http:\/\/vocesver.com\/noticias\/wp-json\/wp\/v2\/tags?post=35932"}],"curies":[{"name":"wp","href":"https:\/\/api.w.org\/{rel}","templated":true}]}}