{"id":35928,"date":"2022-07-01T22:10:40","date_gmt":"2022-07-01T22:10:40","guid":{"rendered":"http:\/\/vocesver.com\/noticias\/?p=35928"},"modified":"2022-07-01T22:10:41","modified_gmt":"2022-07-01T22:10:41","slug":"convocan-en-medellin-a-la-expo-emprende-juvenil-2022","status":"publish","type":"post","link":"http:\/\/vocesver.com\/noticias\/convocan-en-medellin-a-la-expo-emprende-juvenil-2022\/","title":{"rendered":"Convocan en Medell\u00edn a la Expo Emprende Juvenil 2022"},"content":{"rendered":"\n<p><br><br>REDACCI\u00d3N\/VOCESVER.COM\/NOTICIAS<br><br>Medell\u00edn de Bravo, Ver. O1 DE julio 2022.- Con el fin de incentivar el emprededurismo y autoempleo entre los j\u00f3venes, as\u00ed como de reactivar la econom\u00eda del municipio, el Ayuntamiento encabezado por el alcalde Marcos Isle\u00f1o Andrade, a trav\u00e9s del Instituto Municipal de la Juventud, convocan a la primera Expo Emprende Juvenil.<br><br>Dicha Expo se llevar\u00e1 a cabo el pr\u00f3ximo viernes 8 de julio, en el Centro Deportivo y Cultural del Fraccionamiento Puente Moreno, a partir de las 11 de la ma\u00f1ana.<br><br>Esta primera edici\u00f3n de Expo Emprende Juvenil, est\u00e1 dirigida a j\u00f3venes emprendedores medellinenses de entre 18 y 29 a\u00f1os de edad.<br><br>Los interesados en participar podr\u00e1n inscribirse a trav\u00e9s de los tel\u00e9fonos: 22 97 80 67 91 y 22 92 14 12 13 con Gabriela Mej\u00eda V\u00e1zquez, Coordinadora del Instituto Municipal de la Juventud, teniendo como fecha l\u00edmite el lunes 4 de julio.<br><br>Los requisitos de inscripci\u00f3n son: ser originarios del municipio de Medell\u00edn y tener entre 18 y 29 a\u00f1os de edad.<br><br><br><br><br><br><br><br><br><br><br><br><br><br><br><br><br><br><br><br><br><br><br><br><br><br><br><br><br><br><br><br><br><br><\/p>\n","protected":false},"excerpt":{"rendered":"<p>REDACCI\u00d3N\/VOCESVER.COM\/NOTICIAS Medell\u00edn de Bravo, Ver. O1 DE julio 2022.- Con el fin de incentivar el emprededurismo y autoempleo entre los<\/p>\n","protected":false},"author":2,"featured_media":35933,"comment_status":"open","ping_status":"open","sticky":false,"template":"","format":"standard","meta":{"colormag_page_container_layout":"default_layout","colormag_page_sidebar_layout":"default_layout","footnotes":""},"categories":[2],"tags":[],"class_list":["post-35928","post","type-post","status-publish","format-standard","has-post-thumbnail","hentry","category-infogral"],"_links":{"self":[{"href":"http:\/\/vocesver.com\/noticias\/wp-json\/wp\/v2\/posts\/35928","targetHints":{"allow":["GET"]}}],"collection":[{"href":"http:\/\/vocesver.com\/noticias\/wp-json\/wp\/v2\/posts"}],"about":[{"href":"http:\/\/vocesver.com\/noticias\/wp-json\/wp\/v2\/types\/post"}],"author":[{"embeddable":true,"href":"http:\/\/vocesver.com\/noticias\/wp-json\/wp\/v2\/users\/2"}],"replies":[{"embeddable":true,"href":"http:\/\/vocesver.com\/noticias\/wp-json\/wp\/v2\/comments?post=35928"}],"version-history":[{"count":2,"href":"http:\/\/vocesver.com\/noticias\/wp-json\/wp\/v2\/posts\/35928\/revisions"}],"predecessor-version":[{"id":35934,"href":"http:\/\/vocesver.com\/noticias\/wp-json\/wp\/v2\/posts\/35928\/revisions\/35934"}],"wp:featuredmedia":[{"embeddable":true,"href":"http:\/\/vocesver.com\/noticias\/wp-json\/wp\/v2\/media\/35933"}],"wp:attachment":[{"href":"http:\/\/vocesver.com\/noticias\/wp-json\/wp\/v2\/media?parent=35928"}],"wp:term":[{"taxonomy":"category","embeddable":true,"href":"http:\/\/vocesver.com\/noticias\/wp-json\/wp\/v2\/categories?post=35928"},{"taxonomy":"post_tag","embeddable":true,"href":"http:\/\/vocesver.com\/noticias\/wp-json\/wp\/v2\/tags?post=35928"}],"curies":[{"name":"wp","href":"https:\/\/api.w.org\/{rel}","templated":true}]}}