{"id":35899,"date":"2022-06-30T19:32:36","date_gmt":"2022-06-30T19:32:36","guid":{"rendered":"http:\/\/vocesver.com\/noticias\/?p=35899"},"modified":"2022-06-30T19:34:49","modified_gmt":"2022-06-30T19:34:49","slug":"unidos-y-organizados-daremos-continuidad-a-la-transformacion-morena","status":"publish","type":"post","link":"http:\/\/vocesver.com\/noticias\/unidos-y-organizados-daremos-continuidad-a-la-transformacion-morena\/","title":{"rendered":"Unidos y organizados daremos continuidad a la transformaci\u00f3n: Morena"},"content":{"rendered":"\n<p>AUSENCIO RIVERA\/VOCESVER.COM\/NOTICIAS<br><br>Xalapa, Ver., 30 de junio de 2022.- Con la finalidad de fortalecer la estructura y organizaci\u00f3n de Morena, se llevar\u00e1 a cabo una reestructuraci\u00f3n interna que permita dar continuidad a la transformaci\u00f3n de M\u00e9xico y Veracruz, expres\u00f3 el Secretario de Organizaci\u00f3n del Comit\u00e9 Estatal, Yair Ademar Dom\u00ednguez Vazquez.<br><br><br>A trav\u00e9s de un video publicado en sus redes sociales, hizo un llamado a la militancia para que con este proceso se demuestre que \u201cjuntos somos un partido UNIDO, ORGANIZADO y FUERTE\u201d. <br><br><br>\u201cComo ya se ha dado a conocer en las pr\u00f3ximas semanas nuestro partido va a vivir un proceso interno en el cu\u00e1l se van a renovar todos los \u00f3rganos de direcci\u00f3n, tanto a nivel estatal como nacional, esto con la finalidad de fortalecer nuestra estructura y nuestra organizaci\u00f3n\u201d expres\u00f3. <br><br><br>Dom\u00ednguez V\u00e1zquez dijo que la convocatoria, la cual es p\u00fablica, \u201cse\u00f1ala las fechas y el procedimiento a seguir\u201d, sin embargo apel\u00f3 a la unidad de todas y todos los militantes as\u00ed como simpatizantes del movimiento, pues deben tener claridad y visi\u00f3n de que este proceso es para \u201corganizar y consolidar la Transformaci\u00f3n\u201d. <br><br><br>Reiter\u00f3 que no se debe permitir que las aspiraciones personales o intereses particulares se antepongan al proyecto de transformaci\u00f3n, pues se\u00f1al\u00f3 que no es momento de pelearse por cargos o espacios, sino que  es momento de respaldar el Proyecto de Naci\u00f3n del presidente Andr\u00e9s Manuel L\u00f3pez Obrador. <br><br><br>Finalmente el mensaje del Secretario de Organizaci\u00f3n en el video es claro, quienes forman parte del movimiento, deber\u00e1n focalizar sus esfuerzos para construir los lazos que permitan dar continuidad a la transformaci\u00f3n en beneficio de las y los ciudadanos.<br><br><br><br><br><br><br><br><br><br><br><br><br><br><br><br><br><br><br><br><br><br><br><br><br><br><br><br><br><br><br><br><br><br><\/p>\n","protected":false},"excerpt":{"rendered":"<p>AUSENCIO RIVERA\/VOCESVER.COM\/NOTICIAS Xalapa, Ver., 30 de junio de 2022.- Con la finalidad de fortalecer la estructura y organizaci\u00f3n de Morena,<\/p>\n","protected":false},"author":2,"featured_media":35906,"comment_status":"open","ping_status":"open","sticky":false,"template":"","format":"standard","meta":{"colormag_page_container_layout":"default_layout","colormag_page_sidebar_layout":"default_layout","footnotes":""},"categories":[2],"tags":[],"class_list":["post-35899","post","type-post","status-publish","format-standard","has-post-thumbnail","hentry","category-infogral"],"_links":{"self":[{"href":"http:\/\/vocesver.com\/noticias\/wp-json\/wp\/v2\/posts\/35899","targetHints":{"allow":["GET"]}}],"collection":[{"href":"http:\/\/vocesver.com\/noticias\/wp-json\/wp\/v2\/posts"}],"about":[{"href":"http:\/\/vocesver.com\/noticias\/wp-json\/wp\/v2\/types\/post"}],"author":[{"embeddable":true,"href":"http:\/\/vocesver.com\/noticias\/wp-json\/wp\/v2\/users\/2"}],"replies":[{"embeddable":true,"href":"http:\/\/vocesver.com\/noticias\/wp-json\/wp\/v2\/comments?post=35899"}],"version-history":[{"count":2,"href":"http:\/\/vocesver.com\/noticias\/wp-json\/wp\/v2\/posts\/35899\/revisions"}],"predecessor-version":[{"id":35904,"href":"http:\/\/vocesver.com\/noticias\/wp-json\/wp\/v2\/posts\/35899\/revisions\/35904"}],"wp:featuredmedia":[{"embeddable":true,"href":"http:\/\/vocesver.com\/noticias\/wp-json\/wp\/v2\/media\/35906"}],"wp:attachment":[{"href":"http:\/\/vocesver.com\/noticias\/wp-json\/wp\/v2\/media?parent=35899"}],"wp:term":[{"taxonomy":"category","embeddable":true,"href":"http:\/\/vocesver.com\/noticias\/wp-json\/wp\/v2\/categories?post=35899"},{"taxonomy":"post_tag","embeddable":true,"href":"http:\/\/vocesver.com\/noticias\/wp-json\/wp\/v2\/tags?post=35899"}],"curies":[{"name":"wp","href":"https:\/\/api.w.org\/{rel}","templated":true}]}}