{"id":35891,"date":"2022-06-29T19:42:39","date_gmt":"2022-06-29T19:42:39","guid":{"rendered":"http:\/\/vocesver.com\/noticias\/?p=35891"},"modified":"2022-06-29T19:46:45","modified_gmt":"2022-06-29T19:46:45","slug":"abren-convocatoria-para-renovar-comite-sindical-de-la-asommmnpacheco-georges-2","status":"publish","type":"post","link":"http:\/\/vocesver.com\/noticias\/abren-convocatoria-para-renovar-comite-sindical-de-la-asommmnpacheco-georges-2\/","title":{"rendered":"ABREN CONVOCATORIA PARA RENOVAR COMIT\u00c9 SINDICAL DE LA ASOMMMN:PACHECO GEORGES."},"content":{"rendered":"\n<p>\u00b0El pasado 11 de Junio se eligi\u00f3 al Comit\u00e9 Electoral que se encargar\u00e1 de todo el proceso.<br>\u00b0Este inicia el 1 de Septiembre y concluye el 3 diciembre.<br>\u00b0De esta manera todos los socios que deseen participar en el proceso lo pueden hacer.<br>\u00b0El l\u00edder sindical no descart\u00f3 participar, pues los estatutos se lo permiten.<br>AUSENCIO RIVERA\/VOCESVER.COM\/NOTICIAS<br>Veracruz,Ver. a 29 de Junio 2022.- En la pasada asamblea general ordinaria del 11 de junio del presente a\u00f1o se eligi\u00f3 al Comit\u00e9 Electoral que llevar\u00e1 todo el proceso apegado a la ley federal de trabajo y al estatuto de esta organizaci\u00f3n para renovar al actual comit\u00e9 sindical de la Asociaci\u00f3n Sindical de Oficiales de Maquinas de la Marina Mercante Nacional(ASOMMMN).<br>Lo anterior lo dio a conocer el I.M.N. Enriqe O.Pacheco Georges actual secretario general de esta organizaci\u00f3n sindical quien destac\u00f3 que el proceso de renovaci\u00f3n inicia el 1 de Septiembre y termina el 3 de diciembre del a\u00f1o en curso en la Asamblea General Ordinaria de Elecciones.<br>El dirigente sindical puntualiz\u00f3 que de esta manera queda abierta la convocatoria para todos los socios que deseen participar en las pr\u00f3ximas elecciones.<br>Explic\u00f3 que la renovaci\u00f3n del comit\u00e9 ejecutivo se lleva a cabo cada cuatro a\u00f1os,por lo que el pasado 9 de junio se celebr\u00f3 la asamblea general extraordinaria,en donde qued\u00f3 instalada la referida comisi\u00f3n de procesos, la cual cumpli\u00f3 con los estatutos internos de esta organizaci\u00f3n.<br>Indic\u00f3 que de esta manera se est\u00e1 dando cabal cumplimiento a los estatutos que rigen a esta agrupaci\u00f3n de oficiales de m\u00e1quinas de la marina mercante nacional y sobre todo se hace del conocimiento a todos los agremiados que se abre la convocatoria para que todos los que tengan derecho a votar y ser votados participen en dicho proceso.<br>El l\u00edder sindical no descart\u00f3 participar en este proceso de elecci\u00f3n ya que los estatutos se lo permiten, al tiempo que consider\u00f3 lo m\u00e1s importante es que se trata de una contienda abierta y apegada a la normatividad de esta organizaci\u00f3n.<br>Finalmente dijo que el proceso de elecciones inicia este 1 de septiembre y se prolonga hasta el 8 de diciembre cuando se realiza la asamblea de elecciones para determinar qui\u00e9n ser\u00e1 el pr\u00f3ximo secretario general y el comit\u00e9 ejecutivo en pleno de la ASOMMMN.<br><br><br><br><br><br><br><br><br><br><br><br><br><br><br><br><br><br><br><br><br><br><br><br><br><br><br><br><br><br><br><br><br><\/p>\n","protected":false},"excerpt":{"rendered":"<p>\u00b0El pasado 11 de Junio se eligi\u00f3 al Comit\u00e9 Electoral que se encargar\u00e1 de todo el proceso.\u00b0Este inicia el 1<\/p>\n","protected":false},"author":2,"featured_media":35897,"comment_status":"open","ping_status":"open","sticky":false,"template":"","format":"standard","meta":{"colormag_page_container_layout":"default_layout","colormag_page_sidebar_layout":"default_layout","footnotes":""},"categories":[2],"tags":[],"class_list":["post-35891","post","type-post","status-publish","format-standard","has-post-thumbnail","hentry","category-infogral"],"_links":{"self":[{"href":"http:\/\/vocesver.com\/noticias\/wp-json\/wp\/v2\/posts\/35891","targetHints":{"allow":["GET"]}}],"collection":[{"href":"http:\/\/vocesver.com\/noticias\/wp-json\/wp\/v2\/posts"}],"about":[{"href":"http:\/\/vocesver.com\/noticias\/wp-json\/wp\/v2\/types\/post"}],"author":[{"embeddable":true,"href":"http:\/\/vocesver.com\/noticias\/wp-json\/wp\/v2\/users\/2"}],"replies":[{"embeddable":true,"href":"http:\/\/vocesver.com\/noticias\/wp-json\/wp\/v2\/comments?post=35891"}],"version-history":[{"count":2,"href":"http:\/\/vocesver.com\/noticias\/wp-json\/wp\/v2\/posts\/35891\/revisions"}],"predecessor-version":[{"id":35896,"href":"http:\/\/vocesver.com\/noticias\/wp-json\/wp\/v2\/posts\/35891\/revisions\/35896"}],"wp:featuredmedia":[{"embeddable":true,"href":"http:\/\/vocesver.com\/noticias\/wp-json\/wp\/v2\/media\/35897"}],"wp:attachment":[{"href":"http:\/\/vocesver.com\/noticias\/wp-json\/wp\/v2\/media?parent=35891"}],"wp:term":[{"taxonomy":"category","embeddable":true,"href":"http:\/\/vocesver.com\/noticias\/wp-json\/wp\/v2\/categories?post=35891"},{"taxonomy":"post_tag","embeddable":true,"href":"http:\/\/vocesver.com\/noticias\/wp-json\/wp\/v2\/tags?post=35891"}],"curies":[{"name":"wp","href":"https:\/\/api.w.org\/{rel}","templated":true}]}}