{"id":35881,"date":"2022-06-29T19:18:49","date_gmt":"2022-06-29T19:18:49","guid":{"rendered":"http:\/\/vocesver.com\/noticias\/?p=35881"},"modified":"2022-06-29T19:28:50","modified_gmt":"2022-06-29T19:28:50","slug":"mexico-registra-incremento-de-casos-de-covid-del-66-en-la-ultima-semana-ops","status":"publish","type":"post","link":"http:\/\/vocesver.com\/noticias\/mexico-registra-incremento-de-casos-de-covid-del-66-en-la-ultima-semana-ops\/","title":{"rendered":"M\u00e9xico registra incremento de casos de COVID del 66% en la \u00faltima semana: OPS"},"content":{"rendered":"\n<p>COVID en M\u00e9xico registra incremento de casos del 66% en la \u00faltima semana: OPS. Foto: Cuartoscuro.<\/p>\n\n\n\n<p>REDACCI\u00d3N\/VOCESVER.COM\/NOTICIAS<br><br>NACIONAL,. A  29 DE JUNIO 2022..- D ACUEDO CON INFORMACION DE MELINA OCHOA\/UNOTV&#8230;..El aumento de casos de COVID-19 en M\u00e9xico en la \u00faltima semana fue del 66%, casi 85 mil personas se contagiaron inform\u00f3 la Organizaci\u00f3n Panamericana de la Salud (OPS). El incremento se debe a la variante \u00d3micron y sus subtipos dijo el gerente de Incidente para COVID-19 de la OPS, Sylvain Aldighieri.<br><br><br>Confirm\u00f3 el incremento de contagios en el territorio nacional, detall\u00f3 que van nueve semanas en casos activos y siete en casos confirmados.<br><br>\u201cEsta semana en particular se reportaron m\u00e1s de 84 mil 500 nuevos casos, lo que significa un aumento de m\u00e1s de 66% comparado con la semana previa. Es probable que el incremento de casos observados en M\u00e9xico se deba a las nuevas variantes, sus variantes de \u00d3micron entre otras BA5, BA2  y BA 2 12 1\u201d,<br><br>Sylvain Aldighieri, Gerente de Incidente para COVID-19 de la OPS<br>Asegur\u00f3 que para la detecci\u00f3n de casos de coronavirus hay suficientes pruebas r\u00e1pidas o de laboratorio PCR en la Regi\u00f3n de las Am\u00e9ricas.<br><br><br>\u201cLas pruebas para el diagn\u00f3stico por laboratorio no deber\u00eda ser una limitante en M\u00e9xico, ni en ning\u00fan otro pa\u00eds de la regi\u00f3n, tanto las pruebas r\u00e1pidas para detecci\u00f3n de ant\u00edgeno como los ensayos moleculares basados en PCR est\u00e1n ampliamente disponibles\u201d,<br><br>Sylvain Aldighieri, Gerente de Inc<br>Las cifras de COVID en M\u00e9xico<br>La Secretar\u00eda de Salud (Ssa) federal actualiz\u00f3 su reporte de coronavirus (COVID-19) en M\u00e9xico para el martes 28 de junio de 2022.<br><br><br>De acuerdo con las cifras de la dependencia de salud en M\u00e9xico hay:<br><br><br>Muertes desde el inicio de la pandemia: 325 mil 638<br>Casos activos, registrados en los \u00faltimos 14 d\u00edas: 117 mil 847<br>Contagios confirmados desde el inicio de la pandemia: 5 millones 986 mil 917<br>En las \u00faltimas 24 horas: 42 muertes y 20 mil 959 contagios<br>Hugo L\u00f3pez-Gatell Ram\u00edrez, subsecretario de Prevenci\u00f3n y Promoci\u00f3n de la Salud, confirm\u00f3 este 28 de junio que M\u00e9xico suma 10 semanas consecutivas con una tendencia al alza de casos COVID-19: \u201cAfortunadamente, hospitalizaciones aumentan muy poco, subimos de 4 a 6%\u201d.<br><br><br><br><br><br><br>INF. DE MELINA OCHOA\/UNOTV,<br><br><br><br><br><br><br><br><br><br><br><br><br><br><br><br><br><br><br><br><br><br><br><br><br><br><br><br><br><\/p>\n","protected":false},"excerpt":{"rendered":"<p>COVID en M\u00e9xico registra incremento de casos del 66% en la \u00faltima semana: OPS. Foto: Cuartoscuro. REDACCI\u00d3N\/VOCESVER.COM\/NOTICIAS NACIONAL,. A 29<\/p>\n","protected":false},"author":2,"featured_media":35889,"comment_status":"open","ping_status":"open","sticky":false,"template":"","format":"standard","meta":{"colormag_page_container_layout":"default_layout","colormag_page_sidebar_layout":"default_layout","footnotes":""},"categories":[5],"tags":[],"class_list":["post-35881","post","type-post","status-publish","format-standard","has-post-thumbnail","hentry","category-nacional"],"_links":{"self":[{"href":"http:\/\/vocesver.com\/noticias\/wp-json\/wp\/v2\/posts\/35881","targetHints":{"allow":["GET"]}}],"collection":[{"href":"http:\/\/vocesver.com\/noticias\/wp-json\/wp\/v2\/posts"}],"about":[{"href":"http:\/\/vocesver.com\/noticias\/wp-json\/wp\/v2\/types\/post"}],"author":[{"embeddable":true,"href":"http:\/\/vocesver.com\/noticias\/wp-json\/wp\/v2\/users\/2"}],"replies":[{"embeddable":true,"href":"http:\/\/vocesver.com\/noticias\/wp-json\/wp\/v2\/comments?post=35881"}],"version-history":[{"count":3,"href":"http:\/\/vocesver.com\/noticias\/wp-json\/wp\/v2\/posts\/35881\/revisions"}],"predecessor-version":[{"id":35888,"href":"http:\/\/vocesver.com\/noticias\/wp-json\/wp\/v2\/posts\/35881\/revisions\/35888"}],"wp:featuredmedia":[{"embeddable":true,"href":"http:\/\/vocesver.com\/noticias\/wp-json\/wp\/v2\/media\/35889"}],"wp:attachment":[{"href":"http:\/\/vocesver.com\/noticias\/wp-json\/wp\/v2\/media?parent=35881"}],"wp:term":[{"taxonomy":"category","embeddable":true,"href":"http:\/\/vocesver.com\/noticias\/wp-json\/wp\/v2\/categories?post=35881"},{"taxonomy":"post_tag","embeddable":true,"href":"http:\/\/vocesver.com\/noticias\/wp-json\/wp\/v2\/tags?post=35881"}],"curies":[{"name":"wp","href":"https:\/\/api.w.org\/{rel}","templated":true}]}}