{"id":35877,"date":"2022-06-29T19:14:55","date_gmt":"2022-06-29T19:14:55","guid":{"rendered":"http:\/\/vocesver.com\/noticias\/?p=35877"},"modified":"2022-06-29T19:14:56","modified_gmt":"2022-06-29T19:14:56","slug":"asesinan-al-periodista-antonio-de-la-cruz-en-ciudad-victoria-su-hija-resulta-herida","status":"publish","type":"post","link":"http:\/\/vocesver.com\/noticias\/asesinan-al-periodista-antonio-de-la-cruz-en-ciudad-victoria-su-hija-resulta-herida\/","title":{"rendered":"Asesinan al periodista Antonio de la Cruz en Ciudad Victoria; su hija resulta herida"},"content":{"rendered":"\n<p><br>Los primeros reportes indican que el hecho ocurri\u00f3 cerca de su domicilio. Foto: Twitter\/@tonypresss<br><br>REDACCI\u00d3N\/VOCESVER.COM\/NOTICIAS<br><br><br>NACIONAL(TAMAULOPAS).- DE ACUERDO CON INFORMACI\u00d3N DE REDACCI\u00d3N\/CIUDAD VICTORIA)UNOTV&#8230;&#8230;..El periodista Antonio de la Cruz fue asesinado la ma\u00f1ana de este mi\u00e9rcoles 29 de junio en Ciudad Victoria, Tamaulipas; los primeros reportes indican que el hecho ocurri\u00f3 cerca de su domicilio, y que su hija fue herida de gravedad, en lo que se reporta como un ataque directo.<br><br><br>Sicarios llegaron en moto hasta la casa del periodista Antonio de la Cruz<br>Tras darse a conocer el hecho, Gustavo C\u00e1rdenas, coordinador del partido pol\u00edtico Movimiento Ciudadano (MC) en el Congreso de Tamaulipas, ofreci\u00f3 una entrevista telef\u00f3nica en la que detall\u00f3 que los asesinos llegaron hasta la casa de las v\u00edctimas a las 9:15 horas en moto y los interceptaron para dispararles con armas de fuego y despu\u00e9s huir del lugar.<br><br>Relacionan su asesinato con denuncias en contra del gobernador de Tamaulipas<br>Seg\u00fan lo declarado por C\u00e1rdenas, el motivo por el que Antonio de la Cruz pudo haber sido asesinado a las afueras de su casa es por el seguimiento que el periodista le dio a denuncias hechas al interior del Congreso de Tamaulipas en contra del gobernador Francisco Garc\u00eda Cabeza de Vaca.<br><br><br>El coordinador de MC en el Congreso de Tamaulipas detall\u00f3 que Antonio de la Cruz cuestion\u00f3 a la titular de la Secretar\u00eda de Salud de Tamaulipas, Gloria Molina Gamboa, sobre la contrataci\u00f3n de algunos seguros de gastos m\u00e9dicos mayores para sus empleados, pues seg\u00fan Gustavo C\u00e1rdenas, se sospecha que detr\u00e1s de dicha acci\u00f3n podr\u00eda estar un desv\u00edo de recursos.<br><br><br>Estaba activo como director de Comunicaci\u00f3n Social de MC en el estado<br>Adem\u00e1s de desempe\u00f1arse como comunicador de noticias, el hombre estaba activo como director del \u00e1rea de Comunicaci\u00f3n Social de MC en la entidad, por lo que Gustavo C\u00e1rdenas hizo un llamado a la Fiscal\u00eda estatal para que se investigue a fondo para dar con los autores materiales, intelectuales y se conozca el m\u00f3vil del crimen.<br><br><br>Hasta ahora se desconoce si hab\u00eda sufrido amenazas<br>Le sobreviven tres hijas<br>El periodista tamaulipeco Antonio de la Cruz fue asesinado, su hija est\u00e1 grave y su esposa ilesa. Nuestro m\u00e1s sentido p\u00e9same a la familia y a sus compa\u00f1eros de trabajo. https:\/\/t.co\/lprEdIgk3J<br><br>\u2014 Jes\u00fas Ram\u00edrez Cuevas (@JesusRCuevas) June 29, 2022<br><br>\u00bfA cu\u00e1ntos periodistas han asesinado durante 2022?<br>Reporteros Sin fronteras, organizaci\u00f3n no gubernamental fundada en 1985 y que trabaja diariamente por la libertad de prensa, indica que en lo que va de este 2022, en M\u00e9xico han asesinado a 13 miembros del gremio.<br><br>Gobernador lamenta la muerte del periodista en Ciudad Victoria<br>El gobernador de Tamaulipas, Francisco Garc\u00eda Cabeza de Vaca, conden\u00f3 el asesinato del comunicador y pidi\u00f3 a la Fiscal\u00eda esclarecer el homicidio.<br><br>Mis condolencias a familiares, amigos y colegas del periodista @tonypresss. Desde el @gobtam condenamos en\u00e9rgicamente su asesinato, he solicitado al titular de la @FGJ_Tam el compromiso de esclarecer los hechos y que este cobarde crimen no quede impune.<br><br>\u2014 Fco. Cabeza de Vaca (@fgcabezadevaca) June 29, 2022<br><br><br><br>INF. DE REDACCI\u00d3N\/CIUDAD VITORIA\/UNOTV&#8230;.<br><br><br><br><br><br><br><br><br><br><br><br><br><br><br><br><br><br><br><br><br><br><br><br><br><br><br><br><br><br><\/p>\n","protected":false},"excerpt":{"rendered":"<p>Los primeros reportes indican que el hecho ocurri\u00f3 cerca de su domicilio. Foto: Twitter\/@tonypresss REDACCI\u00d3N\/VOCESVER.COM\/NOTICIAS NACIONAL(TAMAULOPAS).- DE ACUERDO CON INFORMACI\u00d3N<\/p>\n","protected":false},"author":2,"featured_media":35882,"comment_status":"open","ping_status":"open","sticky":false,"template":"","format":"standard","meta":{"colormag_page_container_layout":"default_layout","colormag_page_sidebar_layout":"default_layout","footnotes":""},"categories":[5],"tags":[],"class_list":["post-35877","post","type-post","status-publish","format-standard","has-post-thumbnail","hentry","category-nacional"],"_links":{"self":[{"href":"http:\/\/vocesver.com\/noticias\/wp-json\/wp\/v2\/posts\/35877","targetHints":{"allow":["GET"]}}],"collection":[{"href":"http:\/\/vocesver.com\/noticias\/wp-json\/wp\/v2\/posts"}],"about":[{"href":"http:\/\/vocesver.com\/noticias\/wp-json\/wp\/v2\/types\/post"}],"author":[{"embeddable":true,"href":"http:\/\/vocesver.com\/noticias\/wp-json\/wp\/v2\/users\/2"}],"replies":[{"embeddable":true,"href":"http:\/\/vocesver.com\/noticias\/wp-json\/wp\/v2\/comments?post=35877"}],"version-history":[{"count":2,"href":"http:\/\/vocesver.com\/noticias\/wp-json\/wp\/v2\/posts\/35877\/revisions"}],"predecessor-version":[{"id":35883,"href":"http:\/\/vocesver.com\/noticias\/wp-json\/wp\/v2\/posts\/35877\/revisions\/35883"}],"wp:featuredmedia":[{"embeddable":true,"href":"http:\/\/vocesver.com\/noticias\/wp-json\/wp\/v2\/media\/35882"}],"wp:attachment":[{"href":"http:\/\/vocesver.com\/noticias\/wp-json\/wp\/v2\/media?parent=35877"}],"wp:term":[{"taxonomy":"category","embeddable":true,"href":"http:\/\/vocesver.com\/noticias\/wp-json\/wp\/v2\/categories?post=35877"},{"taxonomy":"post_tag","embeddable":true,"href":"http:\/\/vocesver.com\/noticias\/wp-json\/wp\/v2\/tags?post=35877"}],"curies":[{"name":"wp","href":"https:\/\/api.w.org\/{rel}","templated":true}]}}