{"id":35866,"date":"2022-06-28T21:00:29","date_gmt":"2022-06-28T21:00:29","guid":{"rendered":"http:\/\/vocesver.com\/noticias\/?p=35866"},"modified":"2022-06-28T21:03:20","modified_gmt":"2022-06-28T21:03:20","slug":"es-resultado-de-leyes-rotas-y-disfuncionales-ken-salazar-embajador-de-eu-sobre-fallecimiento-de-migrantes-en-texas","status":"publish","type":"post","link":"http:\/\/vocesver.com\/noticias\/es-resultado-de-leyes-rotas-y-disfuncionales-ken-salazar-embajador-de-eu-sobre-fallecimiento-de-migrantes-en-texas\/","title":{"rendered":"\u201cEs resultado de leyes rotas y disfuncionales\u201d: Ken Salazar, embajador de EU, sobre fallecimiento de migrantes en Texas"},"content":{"rendered":"\n<p>22 de los migrantes fallecidos eran mexicanos. Foto: Reuters<br><br>REDACCI\u00d3N\/VOCESVER.COM\/NOTICIAS<br><br>INTERNNACIONAL.- A 28 DE JUNIO 2022.-SDE ACUERDO CON INFORMACI\u00d3N DE REDACCI\u00d3N\/AGENCIAS&#8230;. El embajador de Estados Unidos en M\u00e9xico, Ken Salazar, dijo que la muerte de 50 migrantes en San Antonio, Texas, es resultado de las leyes migratorias rotas y disfuncionales.<br><br><br>A trav\u00e9s de su cuenta de Twitter, Ken Salazar dijo que el hecho \u201csubraya el imperativo de la Declaraci\u00f3n sobre Migraci\u00f3n de la Cumbre de las Am\u00e9ricas para ofrecer una migraci\u00f3n segura, ordenada, humana y legal\u201d.<br><br>La horrible y tr\u00e1gica muerte de al menos 50 seres humanos en San Antonio TX anoche es resultado de leyes migratorias rotas y disfuncionales, y subraya el imperativo de la Declaraci\u00f3n sobre Migraci\u00f3n de la #CumbreAm\u00e9ricas para ofrecer una migraci\u00f3n segura, ordenada, humana y legal<br><br>\u2014 Embajador Ken Salazar (@USAmbMex) June 28, 2022<br>Migrantes muertos dentro de tr\u00e1iler en Texas<br>El secretario de Relaciones Exteriores de M\u00e9xico, Marcelo Ebrard, actualiz\u00f3 la cifra a 50 fallecidos, seg\u00fan informaci\u00f3n proporcionada por autoridades de Estados Unidos (EU).<br><br><br>\u201cEstamos de luto. Tragedia enorme. M\u00e9xico se incorpora a indagatorias en EU, coordinados con [Departamento de Seguridad Nacional de los Estados Unidos] DHS\u201d<br><br>Marcelo Ebrard, titular de SRE<br><br>Actualizo informaci\u00f3n de Texas proporcionada por autoridades de EU. 50 fallecidos. 22 mexicanos. 7 guatemaltecos. 2 hondure\u00f1os. Los dem\u00e1s por ser identificados a\u00fan. Estamos de luto. Tragedia enorme. M\u00e9xico se incorpora a indagatorias en EU, coordinados con DHS.<br><br>\u2014 Marcelo Ebrard C. (@m_ebrard) June 28, 2022<br>\u00bfQu\u00e9 nacionalidades tienen los muertos?<br>Hasta el momento, se han identificado 31 cuerpos:<br><br>22 mexicanos<br>7 guatemaltecos<br>2 hondure\u00f1os<br>AMLO lamenta muertes de migrantes<br>Por su parte, el mandatario mexicano Andr\u00e9s Manuel L\u00f3pez Obrador envi\u00f3 su \u201cm\u00e1s profundo p\u00e9same a familiares de migrantes\u201d durante su conferencia ma\u00f1anera debido a la muerte de los 50 personas encontrados en un tr\u00e1iler al sur de Estados Unidos.<br><br>El jefe del Ejecutivo dijo que el C\u00f3nsul de M\u00e9xico y funcionarios de Migraci\u00f3n est\u00e1 apoyando a los familiares de las v\u00edctimas en San Antonio, Texas, adem\u00e1s, indic\u00f3 que se har\u00e1 la investigaci\u00f3n \u201cen lo que a nosotros nos corresponde\u201d.<br><br>\u00bfQu\u00e9 se sabe de la tragedia?<br>En la tarde del lunes se dio a conocer que un total de 46 migrantes -confirmadas en ese momento- fueron hallados muertos el lunes, la mayor\u00eda de ellos ubicados dentro de un tr\u00e1iler al lado de una carretera en Texas, informaron las autoridades.<br><br>Hasta la noche del 27 de junio, se contabilizaban 16 personas -12 adultos y cuatro ni\u00f1os- que hab\u00edan sido trasladadas al hospital vivas y conscientes.<br><br>\u201cLos pacientes que vimos estaban calientes al tacto, sufr\u00edan de insolaci\u00f3n, agotamiento por el calor, y sin se\u00f1ales de agua en el veh\u00edculo. Era un cami\u00f3n refrigerado, pero no hab\u00eda evidencias de que hubiese una unidad de aire acondicionado funcionando\u201d.<br><br>Autoridades.<br>Los oficiales dijeron que tres personas hab\u00edan sido detenidas por el incidente.<br><br><br><br><br><br>INF. DE REDACCI\u00d3N\/AGENCIAS<br><br><br><br><br><br><br><br><br><br><br><br><br><br><br><br><br><br><br><br><br><br><br><br><br><br><br><br><br><\/p>\n","protected":false},"excerpt":{"rendered":"<p>22 de los migrantes fallecidos eran mexicanos. Foto: Reuters REDACCI\u00d3N\/VOCESVER.COM\/NOTICIAS INTERNNACIONAL.- A 28 DE JUNIO 2022.-SDE ACUERDO CON INFORMACI\u00d3N DE<\/p>\n","protected":false},"author":2,"featured_media":35873,"comment_status":"open","ping_status":"open","sticky":false,"template":"","format":"standard","meta":{"colormag_page_container_layout":"default_layout","colormag_page_sidebar_layout":"default_layout","footnotes":""},"categories":[6],"tags":[],"class_list":["post-35866","post","type-post","status-publish","format-standard","has-post-thumbnail","hentry","category-internacional"],"_links":{"self":[{"href":"http:\/\/vocesver.com\/noticias\/wp-json\/wp\/v2\/posts\/35866","targetHints":{"allow":["GET"]}}],"collection":[{"href":"http:\/\/vocesver.com\/noticias\/wp-json\/wp\/v2\/posts"}],"about":[{"href":"http:\/\/vocesver.com\/noticias\/wp-json\/wp\/v2\/types\/post"}],"author":[{"embeddable":true,"href":"http:\/\/vocesver.com\/noticias\/wp-json\/wp\/v2\/users\/2"}],"replies":[{"embeddable":true,"href":"http:\/\/vocesver.com\/noticias\/wp-json\/wp\/v2\/comments?post=35866"}],"version-history":[{"count":3,"href":"http:\/\/vocesver.com\/noticias\/wp-json\/wp\/v2\/posts\/35866\/revisions"}],"predecessor-version":[{"id":35875,"href":"http:\/\/vocesver.com\/noticias\/wp-json\/wp\/v2\/posts\/35866\/revisions\/35875"}],"wp:featuredmedia":[{"embeddable":true,"href":"http:\/\/vocesver.com\/noticias\/wp-json\/wp\/v2\/media\/35873"}],"wp:attachment":[{"href":"http:\/\/vocesver.com\/noticias\/wp-json\/wp\/v2\/media?parent=35866"}],"wp:term":[{"taxonomy":"category","embeddable":true,"href":"http:\/\/vocesver.com\/noticias\/wp-json\/wp\/v2\/categories?post=35866"},{"taxonomy":"post_tag","embeddable":true,"href":"http:\/\/vocesver.com\/noticias\/wp-json\/wp\/v2\/tags?post=35866"}],"curies":[{"name":"wp","href":"https:\/\/api.w.org\/{rel}","templated":true}]}}