{"id":35860,"date":"2022-06-28T20:54:11","date_gmt":"2022-06-28T20:54:11","guid":{"rendered":"http:\/\/vocesver.com\/noticias\/?p=35860"},"modified":"2022-06-28T20:55:57","modified_gmt":"2022-06-28T20:55:57","slug":"sre-apoyara-con-repatriacion-de-mexicanos-muertos-en-texas-consulado-brinda-telefonos-para-connacionales","status":"publish","type":"post","link":"http:\/\/vocesver.com\/noticias\/sre-apoyara-con-repatriacion-de-mexicanos-muertos-en-texas-consulado-brinda-telefonos-para-connacionales\/","title":{"rendered":"SRE apoyar\u00e1 con repatriaci\u00f3n de mexicanos muertos en Texas; Consulado brinda tel\u00e9fonos para connacionales."},"content":{"rendered":"\n<p><br>Funcionario dijo que apoyar\u00e1n con la red consular a los mexicanos afectados. Foto: Reuters<br><br><br>REDACCI\u00d3N\/VOCESVER.COM\/NOTICIAS<br><br><br>NACIONAL.- A 28 DE JUNIO 2022.-DE ACUERDO CON INFORMACI\u00d3N DE MELINA 0CHOA\/REDACCION\/UNOTV&#8230;.. La Secretar\u00eda de Relaciones Exteriores (SRE) dijo que apoyar\u00e1 en la repatriaci\u00f3n de los cuerpos de los 22 mexicanos que fueron encontrados entre los 50 migrantes muertos por asfixia al interior de un tr\u00e1iler en San Antonio, Texas.<br><br>Apoyaremos la repatriaci\u00f3n de los cuerpos de las v\u00edctimas mexicanas y continuamos ofreciendo apoyo a todas los heridos de nuestro pa\u00eds y sus familias. De requerir asistencia llamar a @ConsulMexSA al: (210) 872 4386. Tambi\u00e9n puedes llamar al CIAM al: (520) 623 7874.<br><br>\u2014 Roberto Velasco \u00c1lvarez (@r_velascoa) June 28, 2022<br>El c\u00f3nsul general de M\u00e9xico en San Antonio, Texas, Estados Unidos, Rub\u00e9n Minutti Zanatta inform\u00f3 que realiza un recorrido en los hospitales para atender a las familias de las v\u00edctimas y actualizar la informaci\u00f3n sobre connacionales involucrados en la tragedia de 50 migrantes muertos en un tr\u00e1iler, entre ellos 22 mexicanos.<br><br>El funcionario dijo que apoyar\u00e1n con la red consular a los mexicanos afectados y brind\u00f3 los tel\u00e9fonos de protecci\u00f3n del Consulado en Texas as\u00ed como del Centro de Informaci\u00f3n y Asistencia a Mexicanos.<br><br><br>Reporte del C\u00f3nsul Minutti desde San Antonio pic.twitter.com\/xpe0Ki8ahm<br><br>\u2014 Marcelo Ebrard C. (@m_ebrard) June 28, 2022<br>\u201cPor instrucciones del canciller Marcelo Ebrard estamos brindando todo el apoyo y estamos d\u00e1ndole prioridad a la atenci\u00f3n a las familias y a las personas hospitalizadas y en espera de confirmar, corroborar los datos sobre nacionalidad de dichas personas\u201d.<br><br>Rub\u00e9n Minutti, c\u00f3nsul general de M\u00e9xico en San Antonio, Texas<br>Estamos en estrecha colaboraci\u00f3n y coordinaci\u00f3n con nuestros colegas centroamericanos para la atenci\u00f3n integral de las v\u00edctimas y de las familias, a\u00f1adi\u00f3 el c\u00f3nsul.<br><br>Los tel\u00e9fonos que se encuentran a su disposici\u00f3n son:<br>El de protecci\u00f3n del Consulado 210-872-4386<br>El del Centro de Informaci\u00f3n y Asistencia a Mexicanos (CIAM) 520-623-7874<br>Hay dos mexicanos hospitalizados<br>El canciller Marcelo Ebrard inform\u00f3 que desde Texas en el Vista Medical Center, el c\u00f3nsul Rub\u00e9n Minutti inform\u00f3 que hay dos mexicanos hospitalizados, de Chiapas y Oaxaca, respectivamente. Sobre su estado de salud se\u00f1al\u00f3 que est\u00e1n deshidratados y reciben atenci\u00f3n m\u00e9dica ahora.<br><br><br>Desde Texas Vista Medical Center el C\u00f3nsul Rub\u00e9n Minutti informa que hay dos mexicanos hospitalizados : Antonio Guzm\u00e1n y Jos\u00e9 Luis Vasques, de Chiapas y Oaxaca respectivamente. Est\u00e1n deshidratados y reciben atenci\u00f3n m\u00e9dica ahora. pic.twitter.com\/SYzBaXx4Nr<br><br>\u2014 Marcelo Ebrard C. (@m_ebrard) June 28, 2022<br><br><br><br><br>INF. DE MELINA OCHOA\/REDACCI\u00cd\u00d3N\/UNOTV&#8230;&#8230;<br><br><br><br><br><br><br><br><br><br><br><br><br><br><br><br><br><br><br><br><br><br><br><br><br><br><br><br><br><\/p>\n","protected":false},"excerpt":{"rendered":"<p>Funcionario dijo que apoyar\u00e1n con la red consular a los mexicanos afectados. Foto: Reuters REDACCI\u00d3N\/VOCESVER.COM\/NOTICIAS NACIONAL.- A 28 DE JUNIO<\/p>\n","protected":false},"author":2,"featured_media":35868,"comment_status":"open","ping_status":"open","sticky":false,"template":"","format":"standard","meta":{"colormag_page_container_layout":"default_layout","colormag_page_sidebar_layout":"default_layout","footnotes":""},"categories":[5],"tags":[],"class_list":["post-35860","post","type-post","status-publish","format-standard","has-post-thumbnail","hentry","category-nacional"],"_links":{"self":[{"href":"http:\/\/vocesver.com\/noticias\/wp-json\/wp\/v2\/posts\/35860","targetHints":{"allow":["GET"]}}],"collection":[{"href":"http:\/\/vocesver.com\/noticias\/wp-json\/wp\/v2\/posts"}],"about":[{"href":"http:\/\/vocesver.com\/noticias\/wp-json\/wp\/v2\/types\/post"}],"author":[{"embeddable":true,"href":"http:\/\/vocesver.com\/noticias\/wp-json\/wp\/v2\/users\/2"}],"replies":[{"embeddable":true,"href":"http:\/\/vocesver.com\/noticias\/wp-json\/wp\/v2\/comments?post=35860"}],"version-history":[{"count":3,"href":"http:\/\/vocesver.com\/noticias\/wp-json\/wp\/v2\/posts\/35860\/revisions"}],"predecessor-version":[{"id":35869,"href":"http:\/\/vocesver.com\/noticias\/wp-json\/wp\/v2\/posts\/35860\/revisions\/35869"}],"wp:featuredmedia":[{"embeddable":true,"href":"http:\/\/vocesver.com\/noticias\/wp-json\/wp\/v2\/media\/35868"}],"wp:attachment":[{"href":"http:\/\/vocesver.com\/noticias\/wp-json\/wp\/v2\/media?parent=35860"}],"wp:term":[{"taxonomy":"category","embeddable":true,"href":"http:\/\/vocesver.com\/noticias\/wp-json\/wp\/v2\/categories?post=35860"},{"taxonomy":"post_tag","embeddable":true,"href":"http:\/\/vocesver.com\/noticias\/wp-json\/wp\/v2\/tags?post=35860"}],"curies":[{"name":"wp","href":"https:\/\/api.w.org\/{rel}","templated":true}]}}