{"id":35854,"date":"2022-06-28T20:47:02","date_gmt":"2022-06-28T20:47:02","guid":{"rendered":"http:\/\/vocesver.com\/noticias\/?p=35854"},"modified":"2022-06-28T20:48:29","modified_gmt":"2022-06-28T20:48:29","slug":"balacera-en-filas-de-vacunacion-covid-de-ninos-en-puebla-deja-al-menos-4-heridos","status":"publish","type":"post","link":"http:\/\/vocesver.com\/noticias\/balacera-en-filas-de-vacunacion-covid-de-ninos-en-puebla-deja-al-menos-4-heridos\/","title":{"rendered":"Balacera en filas de vacunaci\u00f3n COVID de ni\u00f1os en Puebla deja al menos 4 heridos"},"content":{"rendered":"\n<p><br><br>La vacunaci\u00f3n no se detuvo. Foto: Genaro Zepeda<br><br><br><br>REDACCI\u00d3N\/NOTICIAS\/VOCESVER.COM\/NOTICIAS<br><br><br>NACIONAL(PUEBLA).- A 28 DE JUNIO 2022.- DE ACUERDO CON INFORMACI\u00d3N DE REDACCI\u00d3N\/GENARO  ZEPEDA\/PUEBLA\/UNOTV&#8230;.La vacunaci\u00f3n contra el COVID-19 de ni\u00f1os en Puebla se vio interrumpida luego de que se desatara una balacera que dej\u00f3 como saldo cuatro personas heridas, entre las que se encuentran dos menores de edad.<br><br><br>De acuerdo con los primeros informes, el hecho violento tuvo lugar en las inmediaciones del Centro de Salud de la colonia Francisco I Madero, al norte de la capital del estado, en donde dos sujetos, a bordo de una motocicleta, abrieron fuego contra un hombre que estaba formado para ingresar a la jornada de vacunaci\u00f3n COVID para ni\u00f1os de 5 a 11 a\u00f1os, que inici\u00f3 este martes 28 de junio del 2022.<br><br>Vacunaci\u00f3n COVID de ni\u00f1os en Puebla sigue tras balacera<br>Elementos de la Secretar\u00eda de Seguridad Ciudadana acordonaron la zona donde param\u00e9dicos del Sistema de Urgencias M\u00e9dicas Avanzadas (SUMA) atendieron a los cuatro lesionados.<br><br><br>Padres de familia y menores que acudieron a la ciudad de Puebla para la vacunaci\u00f3n de ni\u00f1os de 5 a 11 a\u00f1os contra el COVID vivieron momentos de p\u00e1nico al escuchar las detonaciones, por lo que varios de ellos se resguardaron al interior del Centro de Salud.<br><br>A pesar de la balacera, no se suspendi\u00f3 la inoculaci\u00f3n.<br>Mientras padres e hijos contin\u00faan formados para la vacunaci\u00f3n COVID de ni\u00f1os en Puebla, peritos de la Fiscal\u00eda General del Estado (FGE) llevan a cabo la recolecci\u00f3n de indicios.<br><br><br>En redes circula video del hecho<br>Mientras la informaci\u00f3n de este hecho se desarrolla, en redes sociales ha circulado un video en el que se observan los minutos posteriores a la balacera. En el suelo se encuentran padres de familia, personal m\u00e9dico y menores de edad que buscan resguardarse de la agresi\u00f3n armada.<br><br>Tambi\u00e9n se puede escuchar el llanto de los peque\u00f1os que se asustaron al escuchar las detonaciones.<br>&#x1f6a8;#\u00daLTIMAHORA | BALACERA EN FILA DE VACUNACI\u00d3N \u00a1DE INFANCIAS! #COVID EN PUEBLA<br><br>Informaci\u00f3n preliminar indica 2 ni\u00f1os y 2 adultos lesionados por la #balacera en la fila para la #vacunaci\u00f3n de ni\u00f1os de 5 a 11 a\u00f1os en la colonia Francisco I. Madero pic.twitter.com\/KidJ2a2hBg<br><br>\u2014 Eduardo Alvarez (@feduardoalvarez) June 28, 2022<br><br>Hasta el momento, las autoridades no han ofrecido detalles sobre lo ocurrido; sin embargo, se espera que en los pr\u00f3ximos minutos den a conocer su postura.<br><br><br><br>INF. DE REDACCI\u00d3N\/GENEARO ZEPEDA\/PUEBLA\/UNOTV,,,,,<br><br><br><br><br><br><br><br><br><br><br><br><br><br><br><br><br><br><br><br><br><br><br><br><br><br><\/p>\n","protected":false},"excerpt":{"rendered":"<p>La vacunaci\u00f3n no se detuvo. Foto: Genaro Zepeda REDACCI\u00d3N\/NOTICIAS\/VOCESVER.COM\/NOTICIAS NACIONAL(PUEBLA).- A 28 DE JUNIO 2022.- DE ACUERDO CON INFORMACI\u00d3N DE<\/p>\n","protected":false},"author":2,"featured_media":35862,"comment_status":"open","ping_status":"open","sticky":false,"template":"","format":"standard","meta":{"colormag_page_container_layout":"default_layout","colormag_page_sidebar_layout":"default_layout","footnotes":""},"categories":[5],"tags":[],"class_list":["post-35854","post","type-post","status-publish","format-standard","has-post-thumbnail","hentry","category-nacional"],"_links":{"self":[{"href":"http:\/\/vocesver.com\/noticias\/wp-json\/wp\/v2\/posts\/35854","targetHints":{"allow":["GET"]}}],"collection":[{"href":"http:\/\/vocesver.com\/noticias\/wp-json\/wp\/v2\/posts"}],"about":[{"href":"http:\/\/vocesver.com\/noticias\/wp-json\/wp\/v2\/types\/post"}],"author":[{"embeddable":true,"href":"http:\/\/vocesver.com\/noticias\/wp-json\/wp\/v2\/users\/2"}],"replies":[{"embeddable":true,"href":"http:\/\/vocesver.com\/noticias\/wp-json\/wp\/v2\/comments?post=35854"}],"version-history":[{"count":2,"href":"http:\/\/vocesver.com\/noticias\/wp-json\/wp\/v2\/posts\/35854\/revisions"}],"predecessor-version":[{"id":35861,"href":"http:\/\/vocesver.com\/noticias\/wp-json\/wp\/v2\/posts\/35854\/revisions\/35861"}],"wp:featuredmedia":[{"embeddable":true,"href":"http:\/\/vocesver.com\/noticias\/wp-json\/wp\/v2\/media\/35862"}],"wp:attachment":[{"href":"http:\/\/vocesver.com\/noticias\/wp-json\/wp\/v2\/media?parent=35854"}],"wp:term":[{"taxonomy":"category","embeddable":true,"href":"http:\/\/vocesver.com\/noticias\/wp-json\/wp\/v2\/categories?post=35854"},{"taxonomy":"post_tag","embeddable":true,"href":"http:\/\/vocesver.com\/noticias\/wp-json\/wp\/v2\/tags?post=35854"}],"curies":[{"name":"wp","href":"https:\/\/api.w.org\/{rel}","templated":true}]}}