{"id":35848,"date":"2022-06-28T20:12:48","date_gmt":"2022-06-28T20:12:48","guid":{"rendered":"http:\/\/vocesver.com\/noticias\/?p=35848"},"modified":"2022-06-28T20:24:32","modified_gmt":"2022-06-28T20:24:32","slug":"lleva-juan-rey-revista-velas-latinoamerica-al-capitan-hernandez-para-mostrar-su-aporte-al-festival","status":"publish","type":"post","link":"http:\/\/vocesver.com\/noticias\/lleva-juan-rey-revista-velas-latinoamerica-al-capitan-hernandez-para-mostrar-su-aporte-al-festival\/","title":{"rendered":"LLEVA JUAN REY REVISTA VELAS LATINOAMERICA AL CAPITAN HERN\u00c1NDEZ PARA MOSTRAR SU APORTE AL FESTIVAL"},"content":{"rendered":"\n<p><br><\/p>\n\n\n\n<p>\u00b0Lamentabe que un subalterno manche la imagen de la SEMAR;acciones como estas no deben de tolerarse.<\/p>\n\n\n\n<p>\u00b0Elementos como estos obstaculizan la proyecci\u00f3n tur\u00edstica y cultural de Veracruz y lo pero dejan mal parados a sus Jefes.<\/p>\n\n\n\n<p>AUSENCIO RIVERA\/VOCESVER.COM7NOTICIAS<br><br>Veracruz,Ver.- a  28 de Junio 2022.- Tras la situaci\u00f3n que viviera durante la celebraci\u00f3n del Festival Velas Latinoam\u00e9rica 2022, en que fuera desalojado de la zona del Comodoro Manuel Azueta, el fotoperiodista veracruzano Juan Rey creador de la revista conmemorativa de esta Regata, acudi\u00f3 este d\u00eda a la sede de la Primera Regi\u00f3n Naval para hacer entrega de un ejemplar al oficial que lo retiro del sitio alegando que solo pod\u00edan estar \u201clos que hubiesen aportado algo al festival\u201d.<br>Tal como se diera a conocer de manera oportuna, el fotoperiodista que ha colaborado con su trabajo period\u00edstico en diversas agencias internacionales de prensa, realiz\u00f3 la cuarta edici\u00f3n de la revista conmemorativa de la regata en que, este a\u00f1o, participaron veleros insignia de las armadas de Argentina, Brasil, Uruguay, Colombia y M\u00e9xico.<br>La revista, en una edici\u00f3n especial tipo libro, fue entregada al Secretario de Marina Almirante Jos\u00e9 Rafael Ojeda Dur\u00e1n quien felicit\u00f3 personalmente al autor e incluso le autografi\u00f3 un ejemplar.<br>Sin embargo, ya durante la celebraci\u00f3n del Festival Velas Latinoam\u00e9rica, tras la llegada de los veleros al puerto Juan Rey al instalar su m\u00f3dulo de exhibici\u00f3n de las revistas enfrente del muelle de la T, justo frente al Velero Cuauht\u00e9moc, fue desalojado de mala manera por un capit\u00e1n de apellido Hern\u00e1ndez, \u201cporque solo pueden estar aqu\u00ed los que hicieron una aportaci\u00f3n al festival\u201d, situaci\u00f3n que se repiti\u00f3 en tres ocasiones, incluso el capit\u00e1n aseguraba cada que retiraba a Juan Rey de alguna ubicaci\u00f3n que las \u00f3rdenes del Secretario de Marina de dejarlo ah\u00ed \u201c no me importan, tr\u00e1emelo y que el me lo diga\u201d.<br>Por ello, este d\u00eda el autor de la revista acudi\u00f3 a la sede de la Primera Region Naval a hacerle entrega de un ejemplar para demostrarle su aporte con esta revista que ha sido considerada ya por autoridades como un documento de referencia obligada e hist\u00f3rico para el acervo cultural del Festival Velas Latinoam\u00e9rica, al contener la informaci\u00f3n de cada buque y su tripulaci\u00f3n que participan en el mismo.<br>Cabe se\u00f1alar que al momento de estar en la sede, el capit\u00e1n Hern\u00e1ndez hizo su arribo y de manera altanera y lejos de la sencillez que caracteriza al Secretario de Marina, ignor\u00f3 categ\u00f3ricamente al fotoperiodista y dio \u00f3rdenes a los encargados del acceso de la zona, de no recibir la publicaci\u00f3n.<br><br><br><br><br><br><br><br><br><br><br><br><br><br><br><br><br><br><br><br><br><br><br><br><br><br><br><br><br><br><br><br><br><br><br><br><br><\/p>\n","protected":false},"excerpt":{"rendered":"<p>\u00b0Lamentabe que un subalterno manche la imagen de la SEMAR;acciones como estas no deben de tolerarse. \u00b0Elementos como estos obstaculizan<\/p>\n","protected":false},"author":2,"featured_media":35856,"comment_status":"open","ping_status":"open","sticky":false,"template":"","format":"standard","meta":{"colormag_page_container_layout":"default_layout","colormag_page_sidebar_layout":"default_layout","footnotes":""},"categories":[2],"tags":[],"class_list":["post-35848","post","type-post","status-publish","format-standard","has-post-thumbnail","hentry","category-infogral"],"_links":{"self":[{"href":"http:\/\/vocesver.com\/noticias\/wp-json\/wp\/v2\/posts\/35848","targetHints":{"allow":["GET"]}}],"collection":[{"href":"http:\/\/vocesver.com\/noticias\/wp-json\/wp\/v2\/posts"}],"about":[{"href":"http:\/\/vocesver.com\/noticias\/wp-json\/wp\/v2\/types\/post"}],"author":[{"embeddable":true,"href":"http:\/\/vocesver.com\/noticias\/wp-json\/wp\/v2\/users\/2"}],"replies":[{"embeddable":true,"href":"http:\/\/vocesver.com\/noticias\/wp-json\/wp\/v2\/comments?post=35848"}],"version-history":[{"count":3,"href":"http:\/\/vocesver.com\/noticias\/wp-json\/wp\/v2\/posts\/35848\/revisions"}],"predecessor-version":[{"id":35858,"href":"http:\/\/vocesver.com\/noticias\/wp-json\/wp\/v2\/posts\/35848\/revisions\/35858"}],"wp:featuredmedia":[{"embeddable":true,"href":"http:\/\/vocesver.com\/noticias\/wp-json\/wp\/v2\/media\/35856"}],"wp:attachment":[{"href":"http:\/\/vocesver.com\/noticias\/wp-json\/wp\/v2\/media?parent=35848"}],"wp:term":[{"taxonomy":"category","embeddable":true,"href":"http:\/\/vocesver.com\/noticias\/wp-json\/wp\/v2\/categories?post=35848"},{"taxonomy":"post_tag","embeddable":true,"href":"http:\/\/vocesver.com\/noticias\/wp-json\/wp\/v2\/tags?post=35848"}],"curies":[{"name":"wp","href":"https:\/\/api.w.org\/{rel}","templated":true}]}}