{"id":35840,"date":"2022-06-27T23:38:59","date_gmt":"2022-06-27T23:38:59","guid":{"rendered":"http:\/\/vocesver.com\/noticias\/?p=35840"},"modified":"2022-06-27T23:45:20","modified_gmt":"2022-06-27T23:45:20","slug":"velero-arc-gloria-de-colombia-abandono-esta-tarde-el-puerto-de-veracruz","status":"publish","type":"post","link":"http:\/\/vocesver.com\/noticias\/velero-arc-gloria-de-colombia-abandono-esta-tarde-el-puerto-de-veracruz\/","title":{"rendered":"VELERO ARC GLORIA DE COLOMBIA ABANDON\u00d3 ESTA TARDE EL PUERTO DE VERACRUZ."},"content":{"rendered":"\n<p>\u00b0Particip\u00f3 en el Festival Velas Latinoam\u00e9ricas 2022,es el \u00faltimo que lleg\u00f3 y el primero que se va.<br>REDACCI\u00d3N\/VOCESVER.COM\/NOTICIAS<br>Veracruz,Ver,. A  27 de Junio 2022.- Alrededor de las 5:30 de la tarde de este lunes el velero ARC Gloria de Colombia \u201cabandon\u00f3 el puerto de Veracruz tras haber participado en el festival Velas Latinoam\u00e9ricas 2022 que por cierto concluye este martes. En el zarpe del buque participar\u00f3n dos remolcadores de esta terminal mar\u00edtima. Foto Juan REY\u2026\u2026<br><br><br><br><br><br><br><br><br><br><br><br><br><br><br><br><br><br><br><br><br><br><br><br><br><br><br><br><br><br><\/p>\n","protected":false},"excerpt":{"rendered":"<p>\u00b0Particip\u00f3 en el Festival Velas Latinoam\u00e9ricas 2022,es el \u00faltimo que lleg\u00f3 y el primero que se va.REDACCI\u00d3N\/VOCESVER.COM\/NOTICIASVeracruz,Ver,. A 27 de<\/p>\n","protected":false},"author":2,"featured_media":35852,"comment_status":"open","ping_status":"open","sticky":false,"template":"","format":"standard","meta":{"colormag_page_container_layout":"default_layout","colormag_page_sidebar_layout":"default_layout","footnotes":""},"categories":[2],"tags":[],"class_list":["post-35840","post","type-post","status-publish","format-standard","has-post-thumbnail","hentry","category-infogral"],"_links":{"self":[{"href":"http:\/\/vocesver.com\/noticias\/wp-json\/wp\/v2\/posts\/35840","targetHints":{"allow":["GET"]}}],"collection":[{"href":"http:\/\/vocesver.com\/noticias\/wp-json\/wp\/v2\/posts"}],"about":[{"href":"http:\/\/vocesver.com\/noticias\/wp-json\/wp\/v2\/types\/post"}],"author":[{"embeddable":true,"href":"http:\/\/vocesver.com\/noticias\/wp-json\/wp\/v2\/users\/2"}],"replies":[{"embeddable":true,"href":"http:\/\/vocesver.com\/noticias\/wp-json\/wp\/v2\/comments?post=35840"}],"version-history":[{"count":3,"href":"http:\/\/vocesver.com\/noticias\/wp-json\/wp\/v2\/posts\/35840\/revisions"}],"predecessor-version":[{"id":35851,"href":"http:\/\/vocesver.com\/noticias\/wp-json\/wp\/v2\/posts\/35840\/revisions\/35851"}],"wp:featuredmedia":[{"embeddable":true,"href":"http:\/\/vocesver.com\/noticias\/wp-json\/wp\/v2\/media\/35852"}],"wp:attachment":[{"href":"http:\/\/vocesver.com\/noticias\/wp-json\/wp\/v2\/media?parent=35840"}],"wp:term":[{"taxonomy":"category","embeddable":true,"href":"http:\/\/vocesver.com\/noticias\/wp-json\/wp\/v2\/categories?post=35840"},{"taxonomy":"post_tag","embeddable":true,"href":"http:\/\/vocesver.com\/noticias\/wp-json\/wp\/v2\/tags?post=35840"}],"curies":[{"name":"wp","href":"https:\/\/api.w.org\/{rel}","templated":true}]}}