{"id":35834,"date":"2022-06-27T22:45:40","date_gmt":"2022-06-27T22:45:40","guid":{"rendered":"http:\/\/vocesver.com\/noticias\/?p=35834"},"modified":"2022-06-27T22:47:13","modified_gmt":"2022-06-27T22:47:13","slug":"campeones-universidad-ceulver-del-torneo-de-futbol-playero-festival-velas-latinoamerica-2022","status":"publish","type":"post","link":"http:\/\/vocesver.com\/noticias\/campeones-universidad-ceulver-del-torneo-de-futbol-playero-festival-velas-latinoamerica-2022\/","title":{"rendered":"*\u00a1Campeones! Universidad CEULVER del Torneo de F\u00fatbol Playero \u201cFestival Velas Latinoam\u00e9rica 2022\u201d"},"content":{"rendered":"\n<p>Centro Universitario Latino Veracruz agradece la invitaci\u00f3n a participar en este importante evento deportivo<br><br>REDACCI\u00d3N\/VOCESVER.COM\/NOTICIAS<br><br>(Veracruz, Ver, a 27 de junio de 2022).\u2013 El equipo de f\u00fatbol tipo playero del Centro Universitario Latino Veracruz (CEULVER) conquist\u00f3 el campeonato del torneo oficial \u201cFestival Velas Latinoamerica 2022\u201d celebrado este fin de semana en Playa Mart\u00ed.<br>El representantivo futbol\u00edstico de CEULVER disput\u00f3 cuatro encuentros, mismos en donde obtuvo la victoria, enfrentando a escuadras bien dirigidas y preparadas en la disputa del torneo.<br>En su primer partido, CEULVER gole\u00f3 por marcador de 14 goles a cero al representativo del buque escuela Cuauht\u00e9moc.<br>En su segundo compromiso, CEULVER derrot\u00f3 por marcador de 4-0 al equipo  representativo del Ayuntamiento de Veracruz.<br>En la semifinal, los alumnos de CEULVER golearon por marcador de 6-3 al equipo de la Universidad Crist\u00f3bal Col\u00f3n.<br>En tanto, en la gran final del certamen, los chicos de CEULVER golearon por marcador de 6-0 al representativo de la Facultad de Educaci\u00f3n F\u00edsica, Deporte y Recreaci\u00f3n de la Universidad Veracruzana (FEFUV).<br>La Rectora de Universidad CEULVER, maestra Amelia Huerta Miranda se dijo contenta por el campeonato obtenido por los alumnos de la instituci\u00f3n educativa, quienes mostraron de principio a fin, su deseo de sobresalir deportivamente.<br>Tras su paso invicto y arrollador en dicho torneo de futbol en su modalidad de tipo playero, por el equipo de CEULVER destac\u00f3 el j\u00f3ven Jorge Alberto Monroy Grajales, que fue distinguido como \u201cCampe\u00f3n de Goleo\u201d con 10 anotaciones.<br>El director t\u00e9cnico de la Universidad CEULVER fue el maestro, Jairo Guisseppe Mata Tovar, quien se dijo satisfecho con el rendimiento futbol\u00edstico del equipo porte\u00f1o.<br><br><br><br><br><br><br><br><br><br><br><br><br><br><br><br><br><br><br><br><br><br><br><br><br><br><br><br><br><br><br><br><br><br><br><\/p>\n","protected":false},"excerpt":{"rendered":"<p>Centro Universitario Latino Veracruz agradece la invitaci\u00f3n a participar en este importante evento deportivo REDACCI\u00d3N\/VOCESVER.COM\/NOTICIAS (Veracruz, Ver, a 27 de<\/p>\n","protected":false},"author":2,"featured_media":35842,"comment_status":"open","ping_status":"open","sticky":false,"template":"","format":"standard","meta":{"colormag_page_container_layout":"default_layout","colormag_page_sidebar_layout":"default_layout","footnotes":""},"categories":[2],"tags":[],"class_list":["post-35834","post","type-post","status-publish","format-standard","has-post-thumbnail","hentry","category-infogral"],"_links":{"self":[{"href":"http:\/\/vocesver.com\/noticias\/wp-json\/wp\/v2\/posts\/35834","targetHints":{"allow":["GET"]}}],"collection":[{"href":"http:\/\/vocesver.com\/noticias\/wp-json\/wp\/v2\/posts"}],"about":[{"href":"http:\/\/vocesver.com\/noticias\/wp-json\/wp\/v2\/types\/post"}],"author":[{"embeddable":true,"href":"http:\/\/vocesver.com\/noticias\/wp-json\/wp\/v2\/users\/2"}],"replies":[{"embeddable":true,"href":"http:\/\/vocesver.com\/noticias\/wp-json\/wp\/v2\/comments?post=35834"}],"version-history":[{"count":2,"href":"http:\/\/vocesver.com\/noticias\/wp-json\/wp\/v2\/posts\/35834\/revisions"}],"predecessor-version":[{"id":35841,"href":"http:\/\/vocesver.com\/noticias\/wp-json\/wp\/v2\/posts\/35834\/revisions\/35841"}],"wp:featuredmedia":[{"embeddable":true,"href":"http:\/\/vocesver.com\/noticias\/wp-json\/wp\/v2\/media\/35842"}],"wp:attachment":[{"href":"http:\/\/vocesver.com\/noticias\/wp-json\/wp\/v2\/media?parent=35834"}],"wp:term":[{"taxonomy":"category","embeddable":true,"href":"http:\/\/vocesver.com\/noticias\/wp-json\/wp\/v2\/categories?post=35834"},{"taxonomy":"post_tag","embeddable":true,"href":"http:\/\/vocesver.com\/noticias\/wp-json\/wp\/v2\/tags?post=35834"}],"curies":[{"name":"wp","href":"https:\/\/api.w.org\/{rel}","templated":true}]}}